{"id":74070,"date":"2016-05-24T11:15:21","date_gmt":"2016-05-24T08:15:21","guid":{"rendered":"http:\/\/sana.sy\/tr\/?p=74070"},"modified":"2016-05-25T09:51:03","modified_gmt":"2016-05-25T06:51:03","slug":"koalisyon-guclerinin-hava-desteginde-operasyonlarin-basladigini-ilan-etti","status":"publish","type":"post","link":"https:\/\/archive.sana.sy\/tr\/?p=74070","title":{"rendered":"Koalisyon G\u00fc\u00e7lerinin Hava Deste\u011finde Operasyonlar\u0131n Ba\u015flad\u0131\u011f\u0131n\u0131 \u0130lan Etti"},"content":{"rendered":"<p>RAKKA \u2013 Demokratik Suriye Ordusu ad\u0131yla bilinen g\u00fc\u00e7ler; bug\u00fcn \u00f6\u011flen saatlerinde, Rakka il k\u0131rsal\u0131n\u0131 I\u015e\u0130D \u00d6rg\u00fct\u00fcnden temizleme operasyonlar\u0131na ba\u015flad\u0131\u011f\u0131n\u0131 ilan etti.<\/p>\n<p>Medya ara\u00e7lar\u0131 Demokratik Suriye G\u00fc\u00e7lerinin, Rakka Kentinin yakla\u015f\u0131k 65 km kuzeyine d\u00fc\u015fen Ayn \u0130sa Beldesi ekseninden ABD komutas\u0131ndaki uluslar aras\u0131 g\u00fc\u00e7lerin hava deste\u011fi ile ilerlemeye ba\u015flad\u0131\u011f\u0131n\u0131 aktard\u0131.<\/p>\n","protected":false},"excerpt":{"rendered":"<p>RAKKA \u2013 Demokratik Suriye Ordusu ad\u0131yla bilinen g\u00fc\u00e7ler; bug\u00fcn \u00f6\u011flen saatlerinde, Rakka il k\u0131rsal\u0131n\u0131 I\u015e\u0130D \u00d6rg\u00fct\u00fcnden temizleme operasyonlar\u0131na ba\u015flad\u0131\u011f\u0131n\u0131 ilan etti. Medya ara\u00e7lar\u0131 Demokratik Suriye G\u00fc\u00e7lerinin, Rakka Kentinin yakla\u015f\u0131k 65 km kuzeyine d\u00fc\u015fen Ayn \u0130sa Beldesi ekseninden ABD komutas\u0131ndaki uluslar aras\u0131 g\u00fc\u00e7lerin hava deste\u011fi ile ilerlemeye ba\u015flad\u0131\u011f\u0131n\u0131 aktard\u0131.<\/p>\n","protected":false},"author":1,"featured_media":74071,"comment_status":"closed","ping_status":"closed","sticky":false,"template":"","format":"standard","meta":{"footnotes":""},"categories":[575,17988],"tags":[],"class_list":["post-74070","post","type-post","status-publish","format-standard","has-post-thumbnail","","category-olaylar-ve-gercekler","category-son-haberler"],"_links":{"self":[{"href":"https:\/\/archive.sana.sy\/tr\/index.php?rest_route=\/wp\/v2\/posts\/74070","targetHints":{"allow":["GET"]}}],"collection":[{"href":"https:\/\/archive.sana.sy\/tr\/index.php?rest_route=\/wp\/v2\/posts"}],"about":[{"href":"https:\/\/archive.sana.sy\/tr\/index.php?rest_route=\/wp\/v2\/types\/post"}],"author":[{"embeddable":true,"href":"https:\/\/archive.sana.sy\/tr\/index.php?rest_route=\/wp\/v2\/users\/1"}],"replies":[{"embeddable":true,"href":"https:\/\/archive.sana.sy\/tr\/index.php?rest_route=%2Fwp%2Fv2%2Fcomments&post=74070"}],"version-history":[{"count":0,"href":"https:\/\/archive.sana.sy\/tr\/index.php?rest_route=\/wp\/v2\/posts\/74070\/revisions"}],"wp:featuredmedia":[{"embeddable":true,"href":"https:\/\/archive.sana.sy\/tr\/index.php?rest_route=\/wp\/v2\/media\/74071"}],"wp:attachment":[{"href":"https:\/\/archive.sana.sy\/tr\/index.php?rest_route=%2Fwp%2Fv2%2Fmedia&parent=74070"}],"wp:term":[{"taxonomy":"category","embeddable":true,"href":"https:\/\/archive.sana.sy\/tr\/index.php?rest_route=%2Fwp%2Fv2%2Fcategories&post=74070"},{"taxonomy":"post_tag","embeddable":true,"href":"https:\/\/archive.sana.sy\/tr\/index.php?rest_route=%2Fwp%2Fv2%2Ftags&post=74070"}],"curies":[{"name":"wp","href":"https:\/\/api.w.org\/{rel}","templated":true}]}}