{"id":74073,"date":"2016-05-24T15:03:00","date_gmt":"2016-05-24T12:03:00","guid":{"rendered":"http:\/\/sana.sy\/tr\/?p=74073"},"modified":"2016-05-25T09:50:37","modified_gmt":"2016-05-25T06:50:37","slug":"boyle-bir-firsat-mevcuttur","status":"publish","type":"post","link":"https:\/\/archive.sana.sy\/tr\/?p=74073","title":{"rendered":"B\u00f6yle Bir F\u0131rsat Mevcuttur"},"content":{"rendered":"<p>MOSKOVA \u2013 Rusya D\u0131\u015fi\u015fleri Bakan\u0131 Sergey Lavrov ter\u00f6re kar\u015f\u0131 sava\u015fta iki \u00fclke operasyonlar\u0131n\u0131n koordine edilmesi y\u00f6n\u00fcnde ABD ile anla\u015fmaya vard\u0131klar\u0131n\u0131 ifade ederken, b\u00f6yle bir koordinasyonun olmas\u0131 i\u00e7in f\u0131rsat\u0131n bulundu\u011funu s\u00f6zlerine ekledi.<\/p>\n<p>Lavrov RT\u2019nin bug\u00fcn aktard\u0131\u011f\u0131 a\u00e7\u0131klamalar\u0131nda; Suriye&#8217;de g\u00f6rev yapan Rus hava g\u00fc\u00e7lerinin, \u00f6zellikle Suriye ordusu ba\u015fta olmak \u00fczere ter\u00f6re kar\u015f\u0131 m\u00fccadele eden g\u00fc\u00e7lere yard\u0131m ve destekte bulunmak i\u00e7in Washington komutas\u0131ndaki uluslar aras\u0131 koalisyon hava g\u00fc\u00e7leriyle koordinasyon i\u00e7inde olmas\u0131 gerekti\u011fini ifade etti.<\/p>\n<p>Rakka Kentinin Irak\u2019ta Musul Kenti oldu\u011fu gibi ter\u00f6r kar\u015f\u0131t\u0131 koalisyonun bir hedefi oldu\u011funu s\u00f6yleyen Lavrov; \u201caskerlerimizin ad\u0131mlar\u0131n\u0131 erken s\u00fcre\u00e7te koordine etmeye ba\u015flamalar\u0131 halinde, bu iki kentin daha faal ve daha erken bir \u015fekilde kurtar\u0131lacaklar\u0131na inan\u0131yoruz..\u201d ifadesini kulland\u0131.<\/p>\n","protected":false},"excerpt":{"rendered":"<p>MOSKOVA \u2013 Rusya D\u0131\u015fi\u015fleri Bakan\u0131 Sergey Lavrov ter\u00f6re kar\u015f\u0131 sava\u015fta iki \u00fclke operasyonlar\u0131n\u0131n koordine edilmesi y\u00f6n\u00fcnde ABD ile anla\u015fmaya vard\u0131klar\u0131n\u0131 ifade ederken, b\u00f6yle bir koordinasyonun olmas\u0131 i\u00e7in f\u0131rsat\u0131n bulundu\u011funu s\u00f6zlerine ekledi. Lavrov RT\u2019nin bug\u00fcn aktard\u0131\u011f\u0131 a\u00e7\u0131klamalar\u0131nda; Suriye&#8217;de g\u00f6rev yapan Rus hava g\u00fc\u00e7lerinin, \u00f6zellikle Suriye ordusu ba\u015fta olmak \u00fczere ter\u00f6re kar\u015f\u0131 m\u00fccadele eden g\u00fc\u00e7lere yard\u0131m ve &hellip;<\/p>\n","protected":false},"author":1,"featured_media":70532,"comment_status":"closed","ping_status":"closed","sticky":false,"template":"","format":"standard","meta":{"footnotes":""},"categories":[458,459,17988],"tags":[],"class_list":["post-74073","post","type-post","status-publish","format-standard","has-post-thumbnail","","category-dunya1","category-haberler-arap-uluslararasi-politika","category-son-haberler"],"_links":{"self":[{"href":"https:\/\/archive.sana.sy\/tr\/index.php?rest_route=\/wp\/v2\/posts\/74073","targetHints":{"allow":["GET"]}}],"collection":[{"href":"https:\/\/archive.sana.sy\/tr\/index.php?rest_route=\/wp\/v2\/posts"}],"about":[{"href":"https:\/\/archive.sana.sy\/tr\/index.php?rest_route=\/wp\/v2\/types\/post"}],"author":[{"embeddable":true,"href":"https:\/\/archive.sana.sy\/tr\/index.php?rest_route=\/wp\/v2\/users\/1"}],"replies":[{"embeddable":true,"href":"https:\/\/archive.sana.sy\/tr\/index.php?rest_route=%2Fwp%2Fv2%2Fcomments&post=74073"}],"version-history":[{"count":0,"href":"https:\/\/archive.sana.sy\/tr\/index.php?rest_route=\/wp\/v2\/posts\/74073\/revisions"}],"wp:featuredmedia":[{"embeddable":true,"href":"https:\/\/archive.sana.sy\/tr\/index.php?rest_route=\/wp\/v2\/media\/70532"}],"wp:attachment":[{"href":"https:\/\/archive.sana.sy\/tr\/index.php?rest_route=%2Fwp%2Fv2%2Fmedia&parent=74073"}],"wp:term":[{"taxonomy":"category","embeddable":true,"href":"https:\/\/archive.sana.sy\/tr\/index.php?rest_route=%2Fwp%2Fv2%2Fcategories&post=74073"},{"taxonomy":"post_tag","embeddable":true,"href":"https:\/\/archive.sana.sy\/tr\/index.php?rest_route=%2Fwp%2Fv2%2Ftags&post=74073"}],"curies":[{"name":"wp","href":"https:\/\/api.w.org\/{rel}","templated":true}]}}