{"id":74075,"date":"2016-05-24T17:00:47","date_gmt":"2016-05-24T14:00:47","guid":{"rendered":"http:\/\/sana.sy\/tr\/?p=74075"},"modified":"2016-05-25T16:44:09","modified_gmt":"2016-05-25T13:44:09","slug":"hava-guclerimizin-destekleriyle-terore-karsi-operasyonlar-suruyor","status":"publish","type":"post","link":"https:\/\/archive.sana.sy\/tr\/?p=74075","title":{"rendered":"Hava G\u00fc\u00e7lerimizin Destekleriyle Ter\u00f6re Kar\u015f\u0131 Operasyonlar S\u00fcr\u00fcyor"},"content":{"rendered":"<p>\u0130LLER\u2013 I\u015e\u0130D ve di\u011fer radikal ter\u00f6r \u00e7etelere kar\u015f\u0131 sava\u015f \u00e7er\u00e7evesinde vatan koruyucular\u0131m\u0131z bug\u00fcn de tekfircilerin saflar\u0131nda bir\u00e7ok ter\u00f6risti su\u00e7 edatlar\u0131yla birlikte etkisiz hale getirdi.<\/p>\n<p><span style=\"color: #0000ff\">HOMS<\/span><\/p>\n<p>SANA\u2019ya a\u00e7\u0131klama yapan askeri bir kaynak; hava g\u00fc\u00e7lerimizin Homs \u0130line tabi Tedmur k\u0131rsal\u0131n\u0131n do\u011fusu ve \u015eair Petrol Sahas\u0131 \u00e7evresinde I\u015e\u0130D ter\u00f6r \u00f6rg\u00fct\u00fcne ait toplanma yerleri ve hareket eksenlerine y\u00f6nelik hava operasyonlar\u0131 ger\u00e7ekle\u015ftirdiklerini ifade etti. Kaynak; operasyonlarda y\u00fcksek say\u0131da ter\u00f6ristin \u00f6l\u00fc ve yaral\u0131 d\u00fc\u015f\u00fcr\u00fcl\u00fcp bir k\u0131sm\u0131 a\u011f\u0131r makineli silahlarla donat\u0131lm\u0131\u015f ara\u00e7lar\u0131n\u0131n da imha edildi\u011fine dikkat \u00e7ekti.<\/p>\n<p>D\u00fcn ak\u015fam saatlerinde ordu birliklerimiz Homs k\u0131rsal\u0131n\u0131n g\u00fcneydo\u011fusu Karyeteyn Kentinde H\u0131nz\u0131r Da\u011f\u0131ndaki bir dizi stratejik noktay\u0131 tekfircilerden temizleyip kontrollerine ge\u00e7irmelerine ek olarak \u015eair Petrol Sahas\u0131nda I\u015e\u0130D\u2019in komuta karargahlar\u0131 ve merkezlerine kar\u015f\u0131 hava operasyonlar\u0131nda \u00e7ok say\u0131da ter\u00f6risti \u00f6ld\u00fcrm\u00fc\u015ft\u00fc.<\/p>\n<p>G\u00fcn\u00fcn ilerleyen saatlerinde a\u00e7\u0131klama yapan bir kaynak; Homs k\u0131rsal\u0131n\u0131n do\u011fusu \u015eair Petrol Sahas\u0131 g\u00fcneyine d\u00fc\u015fen Hayyan Do\u011falgaz Sahas\u0131na sald\u0131rmaya \u00e7al\u0131\u015fan I\u015e\u0130D&#8217;li bir ter\u00f6r grubuyla \u015fiddetli \u00e7at\u0131\u015fmalara giren ordu birliklerimizin; buralarda da \u00e7ok say\u0131da ter\u00f6risti \u00f6l\u00fc ve yaral\u0131 d\u00fc\u015f\u00fcr\u00fcp b\u00fcy\u00fck miktarda patlay\u0131c\u0131 ile haz\u0131rlanm\u0131\u015f bombal\u0131 bir arac\u0131 ekibiyle birlikte yok ettiklerini belirtti.<\/p>\n<p>Homs k\u0131rsal\u0131n\u0131n do\u011fusu Um el Tababir B\u00f6lgesinde de ordu birliklerimizin I\u015e\u0130D&#8217;li bir ter\u00f6r grubunun askeri noktalara sald\u0131rma giri\u015fimini \u00e7\u00f6kerttiklerini ifade eden kaynak; hedefine ula\u015fmadan \u00f6nce bombal\u0131 bir arac\u0131 havaya u\u00e7urarak ter\u00f6r grubunun t\u00fcm \u00fcyelerini \u00f6l\u00fc ve yaral\u0131 d\u00fc\u015f\u00fcrd\u00fcklerini aktard\u0131.<\/p>\n<p><span style=\"color: #0000ff\">\u0130DL\u0130B:<\/span><\/p>\n<p>Ak\u015fam saatlerinde a\u00e7\u0131klama yapan saha kaynaklar\u0131; ordu birliklerimizin \u0130dlib k\u0131rsal\u0131n\u0131n bat\u0131s\u0131 Roj Vadisindeki Ciyla veUdvan k\u00f6ylerinde katil Erdo\u011fan rejimine ba\u011fl\u0131 ve Kaide \u00d6rg\u00fct\u00fcn\u00fcn Suriye kolu Nusra Cephesine tabi toplanma yerleri ve hareket eksenlerini yo\u011fun ate\u015fe tutuklar\u0131n\u0131 beyan etti. Kaynaklar; operasyonlarda \u00e7ok say\u0131da ter\u00f6ristin \u00f6l\u00fc ve yaral\u0131 d\u00fc\u015f\u00fcr\u00fcl\u00fcp destek hatlar\u0131na ek olarak silah ve m\u00fchimmatlar\u0131n\u0131n da yok edildi\u011fini s\u00f6zlerine ekledi.<\/p>\n<p>Kaynaklar; \u0130dlib Kentinin yakla\u015f\u0131k 45 km kuzeyinde de ordu birliklerimizin Telaade ve Termanin k\u00f6yleri aras\u0131ndaki yol \u00fczerinde Nusra Cephesi ve \u00e7at\u0131s\u0131 alt\u0131nda bulunan ter\u00f6r \u00e7etelere ait petrol tanklar\u0131n\u0131 tamamen imha ettiklerini aktard\u0131.<\/p>\n<p><span style=\"color: #0000ff\">HAMA:<\/span><\/p>\n<p>Hama k\u0131rsal\u0131n\u0131n kuzeyinde de ordu birliklerimiz \u011eab Vadisinde Tel el Kabu B\u00f6lgesinde siper ve barikat kurmalar\u0131 esnas\u0131nda 3 ter\u00f6risti \u00f6ld\u00fcrd\u00fc.<\/p>\n<p>R.H.<\/p>\n","protected":false},"excerpt":{"rendered":"<p>\u0130LLER\u2013 I\u015e\u0130D ve di\u011fer radikal ter\u00f6r \u00e7etelere kar\u015f\u0131 sava\u015f \u00e7er\u00e7evesinde vatan koruyucular\u0131m\u0131z bug\u00fcn de tekfircilerin saflar\u0131nda bir\u00e7ok ter\u00f6risti su\u00e7 edatlar\u0131yla birlikte etkisiz hale getirdi. HOMS SANA\u2019ya a\u00e7\u0131klama yapan askeri bir kaynak; hava g\u00fc\u00e7lerimizin Homs \u0130line tabi Tedmur k\u0131rsal\u0131n\u0131n do\u011fusu ve \u015eair Petrol Sahas\u0131 \u00e7evresinde I\u015e\u0130D ter\u00f6r \u00f6rg\u00fct\u00fcne ait toplanma yerleri ve hareket eksenlerine y\u00f6nelik hava &hellip;<\/p>\n","protected":false},"author":1,"featured_media":55494,"comment_status":"closed","ping_status":"closed","sticky":false,"template":"","format":"standard","meta":{"footnotes":""},"categories":[575,17988],"tags":[],"class_list":["post-74075","post","type-post","status-publish","format-standard","has-post-thumbnail","","category-olaylar-ve-gercekler","category-son-haberler"],"_links":{"self":[{"href":"https:\/\/archive.sana.sy\/tr\/index.php?rest_route=\/wp\/v2\/posts\/74075","targetHints":{"allow":["GET"]}}],"collection":[{"href":"https:\/\/archive.sana.sy\/tr\/index.php?rest_route=\/wp\/v2\/posts"}],"about":[{"href":"https:\/\/archive.sana.sy\/tr\/index.php?rest_route=\/wp\/v2\/types\/post"}],"author":[{"embeddable":true,"href":"https:\/\/archive.sana.sy\/tr\/index.php?rest_route=\/wp\/v2\/users\/1"}],"replies":[{"embeddable":true,"href":"https:\/\/archive.sana.sy\/tr\/index.php?rest_route=%2Fwp%2Fv2%2Fcomments&post=74075"}],"version-history":[{"count":0,"href":"https:\/\/archive.sana.sy\/tr\/index.php?rest_route=\/wp\/v2\/posts\/74075\/revisions"}],"wp:featuredmedia":[{"embeddable":true,"href":"https:\/\/archive.sana.sy\/tr\/index.php?rest_route=\/wp\/v2\/media\/55494"}],"wp:attachment":[{"href":"https:\/\/archive.sana.sy\/tr\/index.php?rest_route=%2Fwp%2Fv2%2Fmedia&parent=74075"}],"wp:term":[{"taxonomy":"category","embeddable":true,"href":"https:\/\/archive.sana.sy\/tr\/index.php?rest_route=%2Fwp%2Fv2%2Fcategories&post=74075"},{"taxonomy":"post_tag","embeddable":true,"href":"https:\/\/archive.sana.sy\/tr\/index.php?rest_route=%2Fwp%2Fv2%2Ftags&post=74075"}],"curies":[{"name":"wp","href":"https:\/\/api.w.org\/{rel}","templated":true}]}}