{"id":74082,"date":"2016-05-24T20:30:51","date_gmt":"2016-05-24T17:30:51","guid":{"rendered":"http:\/\/www.sana.sy\/tr\/?p=74082"},"modified":"2016-05-25T16:54:50","modified_gmt":"2016-05-25T13:54:50","slug":"toner-abd-teroristler-ile-mutedil-muhalefet-arasindaki-ayirimi-yapamadi","status":"publish","type":"post","link":"https:\/\/archive.sana.sy\/tr\/?p=74082","title":{"rendered":"ABD Yapamad\u0131\u011f\u0131n\u0131 \u0130tiraf Etti"},"content":{"rendered":"<p>WASH\u0130NGTON \u2013 ABD D\u0131\u015fi\u015fleri Bakanl\u0131\u011f\u0131 S\u00f6zc\u00fcs\u00fc Mark Toner, ABD\u2019nin Suriye\u2019de ter\u00f6ristlerle Washington\u2019un \u201c\u0131l\u0131ml\u0131 muhalifler\u201d olarak isimlendirdi\u011fi silahl\u0131 ter\u00f6r \u00f6rg\u00fctleri\u00a0aras\u0131ndaki ay\u0131r\u0131m konusunda ba\u015far\u0131s\u0131z oldu\u011funu itiraf etti.<\/p>\n<p>Bug\u00fcn\u00a0Sputnik Haber Ajans\u0131na bir a\u00e7\u0131klama yapan Toner, ABD\u2019nin Suriye\u2019de ter\u00f6ristler ile mutedil muhalefet aras\u0131ndaki ayr\u0131m konusunda bir kar\u0131\u015f\u0131kl\u0131k durumu bulundu\u011funa dikkat \u00e7ekerek Suriye ve Rusya\u2019n\u0131n bu ay\u0131r\u0131m netle\u015fene kadar Nusra Cephesi ter\u00f6r \u00f6rg\u00fct\u00fcn\u00fc hedef almamalar\u0131 gerekti\u011fini belirtti.<\/p>\n<p>ABD\u2019nin ter\u00f6rist ile mutedil muhalefet aras\u0131ndaki ay\u0131r\u0131m\u0131 yapamad\u0131\u011f\u0131n\u0131n itiraf\u0131 niteli\u011finde olan a\u00e7\u0131klamas\u0131nda Toner; Washington\u2019un bu ay\u0131r\u0131m konusunu netle\u015ftirme y\u00f6n\u00fcnde faaliyetlerini s\u00fcrd\u00fcrd\u00fc\u011f\u00fcn\u00fc belirtti.<\/p>\n<p>Bilinece\u011fi \u00fczere ABD Suriye\u2019de \u201cMutedil Muhalefet\u201d olarak isimlendirdi\u011fi silahl\u0131 ter\u00f6r gruplar\u0131na deste\u011fini s\u00fcrd\u00fcr\u00fcrken s\u00f6zde mutedil muhalefet ter\u00f6ristleri de Suriye\u2019de Washinton, Suudi ve T\u00fcrkiye rejimlerinin kiral\u0131k ter\u00f6ristleri olarak katliamlar\u0131na devam ediyorlar.<\/p>\n<p>F.B. &#8211; R.H.<\/p>\n","protected":false},"excerpt":{"rendered":"<p>WASH\u0130NGTON \u2013 ABD D\u0131\u015fi\u015fleri Bakanl\u0131\u011f\u0131 S\u00f6zc\u00fcs\u00fc Mark Toner, ABD\u2019nin Suriye\u2019de ter\u00f6ristlerle Washington\u2019un \u201c\u0131l\u0131ml\u0131 muhalifler\u201d olarak isimlendirdi\u011fi silahl\u0131 ter\u00f6r \u00f6rg\u00fctleri\u00a0aras\u0131ndaki ay\u0131r\u0131m konusunda ba\u015far\u0131s\u0131z oldu\u011funu itiraf etti. Bug\u00fcn\u00a0Sputnik Haber Ajans\u0131na bir a\u00e7\u0131klama yapan Toner, ABD\u2019nin Suriye\u2019de ter\u00f6ristler ile mutedil muhalefet aras\u0131ndaki ayr\u0131m konusunda bir kar\u0131\u015f\u0131kl\u0131k durumu bulundu\u011funa dikkat \u00e7ekerek Suriye ve Rusya\u2019n\u0131n bu ay\u0131r\u0131m netle\u015fene kadar Nusra &hellip;<\/p>\n","protected":false},"author":1,"featured_media":74083,"comment_status":"closed","ping_status":"closed","sticky":false,"template":"","format":"standard","meta":{"footnotes":""},"categories":[458,459,17988],"tags":[19305,21313],"class_list":["post-74082","post","type-post","status-publish","format-standard","has-post-thumbnail","","category-dunya1","category-haberler-arap-uluslararasi-politika","category-son-haberler","tag-abd-disisleri-bakanligi-sozcusu-mark-toner","tag-toner-abd-teroristler-ile-mutedil-muhalefet-arasindaki-ayirimi-yapamadi"],"_links":{"self":[{"href":"https:\/\/archive.sana.sy\/tr\/index.php?rest_route=\/wp\/v2\/posts\/74082","targetHints":{"allow":["GET"]}}],"collection":[{"href":"https:\/\/archive.sana.sy\/tr\/index.php?rest_route=\/wp\/v2\/posts"}],"about":[{"href":"https:\/\/archive.sana.sy\/tr\/index.php?rest_route=\/wp\/v2\/types\/post"}],"author":[{"embeddable":true,"href":"https:\/\/archive.sana.sy\/tr\/index.php?rest_route=\/wp\/v2\/users\/1"}],"replies":[{"embeddable":true,"href":"https:\/\/archive.sana.sy\/tr\/index.php?rest_route=%2Fwp%2Fv2%2Fcomments&post=74082"}],"version-history":[{"count":0,"href":"https:\/\/archive.sana.sy\/tr\/index.php?rest_route=\/wp\/v2\/posts\/74082\/revisions"}],"wp:featuredmedia":[{"embeddable":true,"href":"https:\/\/archive.sana.sy\/tr\/index.php?rest_route=\/wp\/v2\/media\/74083"}],"wp:attachment":[{"href":"https:\/\/archive.sana.sy\/tr\/index.php?rest_route=%2Fwp%2Fv2%2Fmedia&parent=74082"}],"wp:term":[{"taxonomy":"category","embeddable":true,"href":"https:\/\/archive.sana.sy\/tr\/index.php?rest_route=%2Fwp%2Fv2%2Fcategories&post=74082"},{"taxonomy":"post_tag","embeddable":true,"href":"https:\/\/archive.sana.sy\/tr\/index.php?rest_route=%2Fwp%2Fv2%2Ftags&post=74082"}],"curies":[{"name":"wp","href":"https:\/\/api.w.org\/{rel}","templated":true}]}}