{"id":74095,"date":"2016-05-24T21:55:22","date_gmt":"2016-05-24T18:55:22","guid":{"rendered":"http:\/\/www.sana.sy\/tr\/?p=74095"},"modified":"2016-05-25T16:48:55","modified_gmt":"2016-05-25T13:48:55","slug":"yazici-toplanti-bircok-konuda-ortak-tutum-belirlenmesi-icin-firsat-teskil-etti","status":"publish","type":"post","link":"https:\/\/archive.sana.sy\/tr\/?p=74095","title":{"rendered":"Toplant\u0131 \u00d6nemli Bir F\u0131rsat Te\u015fkil Etti"},"content":{"rendered":"<p>CENEVRE \u2013 Ba\u011flant\u0131s\u0131z \u00dclkeler Hareketine ba\u011fl\u0131 devletlerin sa\u011fl\u0131k bakanlar\u0131 bug\u00fcn\u00a0Cenevre\u2019de D\u00fcnya Sa\u011fl\u0131k \u00d6rg\u00fct\u00fc 69. D\u00f6nem Toplant\u0131lar\u0131 kapsam\u0131nda d\u00fczenledikleri toplant\u0131da Ba\u011flant\u0131s\u0131zlar Hareketine \u00fcye devletlerin sa\u011fl\u0131k bakanl\u0131klar\u0131n\u0131n kamu sa\u011fl\u0131\u011f\u0131n\u0131 korumak i\u00e7in harcad\u0131klar\u0131 \u00e7abalar\u0131 incelediler.<\/p>\n<p>Toplant\u0131 bitiminde gazetecilere a\u00e7\u0131klama yapan Sa\u011fl\u0131k Bakan\u0131 Nizar Yaz\u0131c\u0131; toplant\u0131n\u0131n bir\u00e7ok konuda ortak tutum belirlenmesi ve ya\u015fanmakta olan ko\u015fullar\u0131n g\u00f6lgesinde kamu sa\u011fl\u0131\u011f\u0131n\u0131 en kapsaml\u0131 \u015fekilde koruma ve sa\u011fl\u0131k hizmeti sunma alanlar\u0131nda g\u00f6r\u00fc\u015f al\u0131\u015fveri\u015fi i\u00e7in bir f\u0131rsat te\u015fkil etti\u011fini dile getirdi.<\/p>\n<p>Bu kapsamda ayr\u0131ca Beyaz Rusya D\u0131\u015fi\u015fleri Bakan\u0131 VasilyZarko ile Cenevre\u2019de bir araya gelen Yaz\u0131c\u0131, iki \u00fclke aras\u0131nda ila\u00e7 ve t\u0131bbi te\u00e7hizat al\u0131\u015fveri\u015finin geli\u015ftirilmesine ili\u015fkin y\u00f6ntemleri inceledikten sonra taraflar aras\u0131nda bir anla\u015fma imzaland\u0131.<\/p>\n<p>Anla\u015fman\u0131n imzalanmas\u0131ndan sonra bir a\u00e7\u0131klama yapan Sa\u011fl\u0131k Bakan\u0131 Yaz\u0131c\u0131; Suriye ile Beyaz Rusya aras\u0131nda sa\u011fl\u0131k alan\u0131nda y\u00fcksek d\u00fczeyde bir i\u015fbirli\u011fi bulundu\u011funa i\u015faret ederek bu anla\u015fma ile bu i\u015fbirli\u011finin daha aktif ve g\u00fc\u00e7l\u00fc olmas\u0131n\u0131n ama\u00e7land\u0131\u011f\u0131n\u0131 belirtti.<\/p>\n<p>Bilinece\u011fi \u00fczere D\u00fcnya Sa\u011fl\u0131k \u00d6rg\u00fct\u00fc toplant\u0131lar\u0131 \u00fcye 194 devletin sa\u011fl\u0131k bakanlar\u0131 ve heyetlerinin kat\u0131l\u0131m\u0131yla 28 May\u0131s tarihine kadar s\u00fcrecek olup bu toplant\u0131lar kapsam\u0131nda Yaz\u0131c\u0131\u2019n\u0131n ikili g\u00f6r\u00fc\u015fmelerde de bulunaca\u011f\u0131 y\u00f6n\u00fcnde bilgiler bulunmaktad\u0131r.<\/p>\n<p>F.B &#8211; R.H.<\/p>\n","protected":false},"excerpt":{"rendered":"<p>CENEVRE \u2013 Ba\u011flant\u0131s\u0131z \u00dclkeler Hareketine ba\u011fl\u0131 devletlerin sa\u011fl\u0131k bakanlar\u0131 bug\u00fcn\u00a0Cenevre\u2019de D\u00fcnya Sa\u011fl\u0131k \u00d6rg\u00fct\u00fc 69. D\u00f6nem Toplant\u0131lar\u0131 kapsam\u0131nda d\u00fczenledikleri toplant\u0131da Ba\u011flant\u0131s\u0131zlar Hareketine \u00fcye devletlerin sa\u011fl\u0131k bakanl\u0131klar\u0131n\u0131n kamu sa\u011fl\u0131\u011f\u0131n\u0131 korumak i\u00e7in harcad\u0131klar\u0131 \u00e7abalar\u0131 incelediler. Toplant\u0131 bitiminde gazetecilere a\u00e7\u0131klama yapan Sa\u011fl\u0131k Bakan\u0131 Nizar Yaz\u0131c\u0131; toplant\u0131n\u0131n bir\u00e7ok konuda ortak tutum belirlenmesi ve ya\u015fanmakta olan ko\u015fullar\u0131n g\u00f6lgesinde kamu sa\u011fl\u0131\u011f\u0131n\u0131 en &hellip;<\/p>\n","protected":false},"author":1,"featured_media":74103,"comment_status":"closed","ping_status":"closed","sticky":false,"template":"","format":"standard","meta":{"footnotes":""},"categories":[458,459,17988],"tags":[16895,21316],"class_list":["post-74095","post","type-post","status-publish","format-standard","has-post-thumbnail","","category-dunya1","category-haberler-arap-uluslararasi-politika","category-son-haberler","tag-saglik-bakani-nizar-yazici","tag-yazici-toplanti-bircok-konuda-ortak-tutum-belirlenmesi-icin-firsat-teskil-etti"],"_links":{"self":[{"href":"https:\/\/archive.sana.sy\/tr\/index.php?rest_route=\/wp\/v2\/posts\/74095","targetHints":{"allow":["GET"]}}],"collection":[{"href":"https:\/\/archive.sana.sy\/tr\/index.php?rest_route=\/wp\/v2\/posts"}],"about":[{"href":"https:\/\/archive.sana.sy\/tr\/index.php?rest_route=\/wp\/v2\/types\/post"}],"author":[{"embeddable":true,"href":"https:\/\/archive.sana.sy\/tr\/index.php?rest_route=\/wp\/v2\/users\/1"}],"replies":[{"embeddable":true,"href":"https:\/\/archive.sana.sy\/tr\/index.php?rest_route=%2Fwp%2Fv2%2Fcomments&post=74095"}],"version-history":[{"count":0,"href":"https:\/\/archive.sana.sy\/tr\/index.php?rest_route=\/wp\/v2\/posts\/74095\/revisions"}],"wp:featuredmedia":[{"embeddable":true,"href":"https:\/\/archive.sana.sy\/tr\/index.php?rest_route=\/wp\/v2\/media\/74103"}],"wp:attachment":[{"href":"https:\/\/archive.sana.sy\/tr\/index.php?rest_route=%2Fwp%2Fv2%2Fmedia&parent=74095"}],"wp:term":[{"taxonomy":"category","embeddable":true,"href":"https:\/\/archive.sana.sy\/tr\/index.php?rest_route=%2Fwp%2Fv2%2Fcategories&post=74095"},{"taxonomy":"post_tag","embeddable":true,"href":"https:\/\/archive.sana.sy\/tr\/index.php?rest_route=%2Fwp%2Fv2%2Ftags&post=74095"}],"curies":[{"name":"wp","href":"https:\/\/api.w.org\/{rel}","templated":true}]}}