{"id":74106,"date":"2016-05-25T12:22:36","date_gmt":"2016-05-25T09:22:36","guid":{"rendered":"http:\/\/www.sana.sy\/tr\/?p=74106"},"modified":"2016-05-25T12:22:36","modified_gmt":"2016-05-25T09:22:36","slug":"cumhurbaskani-bessar-el-esadin-yonlendirmeleri-dogrultusunda-baas-partisi-genel-sekreter-yardimcisi-hilal-el-hilal-iki-gun-once-lazkiye-iline-tabi-ceble-kentinde-meydana-gelen-bombali-teror-e","status":"publish","type":"post","link":"https:\/\/archive.sana.sy\/tr\/?p=74106","title":{"rendered":"Cumhurba\u015fkan\u0131 Be\u015f\u015far el Esad\u2019\u0131n y\u00f6nlendirmeleri do\u011frultusunda Baas Partisi Genel Sekreter Yard\u0131mc\u0131s\u0131 Hilal el Hilal iki g\u00fcn \u00f6nce Lazkiye iline tabi Ceble Kentinde meydana gelen bombal\u0131 ter\u00f6r eylemlerinde yaralanan vatanda\u015flar\u0131 tedavi g\u00f6rd\u00fckleri devlet, Esad ve Te\u015frin \u00fcniversitelerinde ziyaret etti"},"content":{"rendered":"<p>Cumhurba\u015fkan\u0131 Be\u015f\u015far el Esad\u2019\u0131n y\u00f6nlendirmeleri do\u011frultusunda Baas Partisi Genel Sekreter Yard\u0131mc\u0131s\u0131 Hilal el Hilal iki g\u00fcn \u00f6nce Lazkiye iline tabi Ceble Kentinde meydana gelen bombal\u0131 ter\u00f6r eylemlerinde yaralanan vatanda\u015flar\u0131 tedavi g\u00f6rd\u00fckleri devlet, Esad ve Te\u015frin \u00fcniversitelerinde ziyaret etti<\/p>\n","protected":false},"excerpt":{"rendered":"<p>Cumhurba\u015fkan\u0131 Be\u015f\u015far el Esad\u2019\u0131n y\u00f6nlendirmeleri do\u011frultusunda Baas Partisi Genel Sekreter Yard\u0131mc\u0131s\u0131 Hilal el Hilal iki g\u00fcn \u00f6nce Lazkiye iline tabi Ceble Kentinde meydana gelen bombal\u0131 ter\u00f6r eylemlerinde yaralanan vatanda\u015flar\u0131 tedavi g\u00f6rd\u00fckleri devlet, Esad ve Te\u015frin \u00fcniversitelerinde ziyaret etti<\/p>\n","protected":false},"author":1,"featured_media":0,"comment_status":"closed","ping_status":"closed","sticky":false,"template":"","format":"standard","meta":{"footnotes":""},"categories":[17991],"tags":[],"class_list":["post-74106","post","type-post","status-publish","format-standard","","category-son-dakika"],"_links":{"self":[{"href":"https:\/\/archive.sana.sy\/tr\/index.php?rest_route=\/wp\/v2\/posts\/74106","targetHints":{"allow":["GET"]}}],"collection":[{"href":"https:\/\/archive.sana.sy\/tr\/index.php?rest_route=\/wp\/v2\/posts"}],"about":[{"href":"https:\/\/archive.sana.sy\/tr\/index.php?rest_route=\/wp\/v2\/types\/post"}],"author":[{"embeddable":true,"href":"https:\/\/archive.sana.sy\/tr\/index.php?rest_route=\/wp\/v2\/users\/1"}],"replies":[{"embeddable":true,"href":"https:\/\/archive.sana.sy\/tr\/index.php?rest_route=%2Fwp%2Fv2%2Fcomments&post=74106"}],"version-history":[{"count":0,"href":"https:\/\/archive.sana.sy\/tr\/index.php?rest_route=\/wp\/v2\/posts\/74106\/revisions"}],"wp:attachment":[{"href":"https:\/\/archive.sana.sy\/tr\/index.php?rest_route=%2Fwp%2Fv2%2Fmedia&parent=74106"}],"wp:term":[{"taxonomy":"category","embeddable":true,"href":"https:\/\/archive.sana.sy\/tr\/index.php?rest_route=%2Fwp%2Fv2%2Fcategories&post=74106"},{"taxonomy":"post_tag","embeddable":true,"href":"https:\/\/archive.sana.sy\/tr\/index.php?rest_route=%2Fwp%2Fv2%2Ftags&post=74106"}],"curies":[{"name":"wp","href":"https:\/\/api.w.org\/{rel}","templated":true}]}}