{"id":74113,"date":"2016-05-25T11:36:48","date_gmt":"2016-05-25T08:36:48","guid":{"rendered":"http:\/\/www.sana.sy\/tr\/?p=74113"},"modified":"2016-05-25T13:12:42","modified_gmt":"2016-05-25T10:12:42","slug":"halep-il-emniyet-mudurlugunde-yetkili-bir-kaynak-sanaya-aciklamasinda-erdogan-rejimine-tabi-teror-cetelerinden-keskin-nisanci-bir-teroristin-actigi-ates-sonucunda-halidiye-semtinde-bir-kadini","status":"publish","type":"post","link":"https:\/\/archive.sana.sy\/tr\/?p=74113","title":{"rendered":"Halep \u0130l Emniyet M\u00fcd\u00fcrl\u00fc\u011f\u00fcnde yetkili bir kaynak SANA\u2019ya a\u00e7\u0131klamas\u0131nda Erdo\u011fan rejimine tabi ter\u00f6r \u00e7etelerinden keskin ni\u015fanc\u0131 bir ter\u00f6ristin a\u00e7t\u0131\u011f\u0131 ate\u015f sonucunda Halidiye Semtinde bir kad\u0131n\u0131n \u015fehit oldu\u011funu belirtti"},"content":{"rendered":"<p>Halep \u0130l Emniyet M\u00fcd\u00fcrl\u00fc\u011f\u00fcnde yetkili bir kaynak SANA\u2019ya a\u00e7\u0131klamas\u0131nda Erdo\u011fan rejimine tabi ter\u00f6r \u00e7etelerinden keskin ni\u015fanc\u0131 bir ter\u00f6ristin a\u00e7t\u0131\u011f\u0131 ate\u015f sonucunda Halidiye Semtinde bir kad\u0131n\u0131n \u015fehit oldu\u011funu belirtti<\/p>\n","protected":false},"excerpt":{"rendered":"<p>Halep \u0130l Emniyet M\u00fcd\u00fcrl\u00fc\u011f\u00fcnde yetkili bir kaynak SANA\u2019ya a\u00e7\u0131klamas\u0131nda Erdo\u011fan rejimine tabi ter\u00f6r \u00e7etelerinden keskin ni\u015fanc\u0131 bir ter\u00f6ristin a\u00e7t\u0131\u011f\u0131 ate\u015f sonucunda Halidiye Semtinde bir kad\u0131n\u0131n \u015fehit oldu\u011funu belirtti<\/p>\n","protected":false},"author":1,"featured_media":0,"comment_status":"closed","ping_status":"closed","sticky":false,"template":"","format":"standard","meta":{"footnotes":""},"categories":[17991],"tags":[],"class_list":["post-74113","post","type-post","status-publish","format-standard","","category-son-dakika"],"_links":{"self":[{"href":"https:\/\/archive.sana.sy\/tr\/index.php?rest_route=\/wp\/v2\/posts\/74113","targetHints":{"allow":["GET"]}}],"collection":[{"href":"https:\/\/archive.sana.sy\/tr\/index.php?rest_route=\/wp\/v2\/posts"}],"about":[{"href":"https:\/\/archive.sana.sy\/tr\/index.php?rest_route=\/wp\/v2\/types\/post"}],"author":[{"embeddable":true,"href":"https:\/\/archive.sana.sy\/tr\/index.php?rest_route=\/wp\/v2\/users\/1"}],"replies":[{"embeddable":true,"href":"https:\/\/archive.sana.sy\/tr\/index.php?rest_route=%2Fwp%2Fv2%2Fcomments&post=74113"}],"version-history":[{"count":0,"href":"https:\/\/archive.sana.sy\/tr\/index.php?rest_route=\/wp\/v2\/posts\/74113\/revisions"}],"wp:attachment":[{"href":"https:\/\/archive.sana.sy\/tr\/index.php?rest_route=%2Fwp%2Fv2%2Fmedia&parent=74113"}],"wp:term":[{"taxonomy":"category","embeddable":true,"href":"https:\/\/archive.sana.sy\/tr\/index.php?rest_route=%2Fwp%2Fv2%2Fcategories&post=74113"},{"taxonomy":"post_tag","embeddable":true,"href":"https:\/\/archive.sana.sy\/tr\/index.php?rest_route=%2Fwp%2Fv2%2Ftags&post=74113"}],"curies":[{"name":"wp","href":"https:\/\/api.w.org\/{rel}","templated":true}]}}