{"id":74114,"date":"2016-05-25T11:29:52","date_gmt":"2016-05-25T08:29:52","guid":{"rendered":"http:\/\/www.sana.sy\/tr\/?p=74114"},"modified":"2016-05-25T13:08:54","modified_gmt":"2016-05-25T10:08:54","slug":"sanaaya-aciklama-yapan-askeri-bir-kaynak-hava-guclerimizin-homs-kirsalinin-unk-el-hava-kuzey-sendahiye-cbab-hamad-bati-habra-ve-resm-hmeyde-bolgelerinde-isidin-karargah-ve-araclar","status":"publish","type":"post","link":"https:\/\/archive.sana.sy\/tr\/?p=74114","title":{"rendered":"SANAA\u2019ya a\u00e7\u0131klama yapan askeri bir kaynak hava g\u00fc\u00e7lerimizin Homs k\u0131rsal\u0131n\u0131n Unk el hava, Kuzey \u015eendahiye, Cbab Hamad, Bat\u0131 Habra ve Resm Hmeyde b\u00f6lgelerinde I\u015e\u0130D\u2019in karargah ve ara\u00e7lar\u0131n\u0131 y\u00fcksek say\u0131da ter\u00f6ristle birlikte imha ettiklerini belirtti"},"content":{"rendered":"<p>SANAA\u2019ya a\u00e7\u0131klama yapan askeri bir kaynak hava g\u00fc\u00e7lerimizin Homs k\u0131rsal\u0131n\u0131n Unk el hava, Kuzey \u015eendahiye, Cbab Hamad, Bat\u0131 Habra ve Resm Hmeyde b\u00f6lgelerinde I\u015e\u0130D\u2019in karargah ve ara\u00e7lar\u0131n\u0131 y\u00fcksek say\u0131da ter\u00f6ristle birlikte imha ettiklerini belirtti<\/p>\n","protected":false},"excerpt":{"rendered":"<p>SANAA\u2019ya a\u00e7\u0131klama yapan askeri bir kaynak hava g\u00fc\u00e7lerimizin Homs k\u0131rsal\u0131n\u0131n Unk el hava, Kuzey \u015eendahiye, Cbab Hamad, Bat\u0131 Habra ve Resm Hmeyde b\u00f6lgelerinde I\u015e\u0130D\u2019in karargah ve ara\u00e7lar\u0131n\u0131 y\u00fcksek say\u0131da ter\u00f6ristle birlikte imha ettiklerini belirtti<\/p>\n","protected":false},"author":1,"featured_media":0,"comment_status":"closed","ping_status":"closed","sticky":false,"template":"","format":"standard","meta":{"footnotes":""},"categories":[17991],"tags":[],"class_list":["post-74114","post","type-post","status-publish","format-standard","","category-son-dakika"],"_links":{"self":[{"href":"https:\/\/archive.sana.sy\/tr\/index.php?rest_route=\/wp\/v2\/posts\/74114","targetHints":{"allow":["GET"]}}],"collection":[{"href":"https:\/\/archive.sana.sy\/tr\/index.php?rest_route=\/wp\/v2\/posts"}],"about":[{"href":"https:\/\/archive.sana.sy\/tr\/index.php?rest_route=\/wp\/v2\/types\/post"}],"author":[{"embeddable":true,"href":"https:\/\/archive.sana.sy\/tr\/index.php?rest_route=\/wp\/v2\/users\/1"}],"replies":[{"embeddable":true,"href":"https:\/\/archive.sana.sy\/tr\/index.php?rest_route=%2Fwp%2Fv2%2Fcomments&post=74114"}],"version-history":[{"count":0,"href":"https:\/\/archive.sana.sy\/tr\/index.php?rest_route=\/wp\/v2\/posts\/74114\/revisions"}],"wp:attachment":[{"href":"https:\/\/archive.sana.sy\/tr\/index.php?rest_route=%2Fwp%2Fv2%2Fmedia&parent=74114"}],"wp:term":[{"taxonomy":"category","embeddable":true,"href":"https:\/\/archive.sana.sy\/tr\/index.php?rest_route=%2Fwp%2Fv2%2Fcategories&post=74114"},{"taxonomy":"post_tag","embeddable":true,"href":"https:\/\/archive.sana.sy\/tr\/index.php?rest_route=%2Fwp%2Fv2%2Ftags&post=74114"}],"curies":[{"name":"wp","href":"https:\/\/api.w.org\/{rel}","templated":true}]}}