{"id":74121,"date":"2016-05-25T12:48:41","date_gmt":"2016-05-25T09:48:41","guid":{"rendered":"http:\/\/sana.sy\/tr\/?p=74121"},"modified":"2016-05-25T12:48:41","modified_gmt":"2016-05-25T09:48:41","slug":"suveydali-sanatcilar-ortak-sanat-sergisi-duzenliyor","status":"publish","type":"post","link":"https:\/\/archive.sana.sy\/tr\/?p=74121","title":{"rendered":"S\u00fcveydal\u0131 sanat\u00e7\u0131lar ortak sanat sergisi d\u00fczenliyor"},"content":{"rendered":"<p>S\u00fcveydal\u0131 sanat\u00e7\u0131lar ortak sanat sergisi d\u00fczenliyor<\/p>\n","protected":false},"excerpt":{"rendered":"<p>S\u00fcveydal\u0131 sanat\u00e7\u0131lar ortak sanat sergisi d\u00fczenliyor<\/p>\n","protected":false},"author":1,"featured_media":74117,"comment_status":"closed","ping_status":"closed","sticky":false,"template":"","format":"standard","meta":{"footnotes":""},"categories":[573],"tags":[21319],"class_list":["post-74121","post","type-post","status-publish","format-standard","has-post-thumbnail","","category-goruntulu-olaylar","tag-suveydali-sanatcilar-ortak-sanat-sergisi-duzenliyor"],"_links":{"self":[{"href":"https:\/\/archive.sana.sy\/tr\/index.php?rest_route=\/wp\/v2\/posts\/74121","targetHints":{"allow":["GET"]}}],"collection":[{"href":"https:\/\/archive.sana.sy\/tr\/index.php?rest_route=\/wp\/v2\/posts"}],"about":[{"href":"https:\/\/archive.sana.sy\/tr\/index.php?rest_route=\/wp\/v2\/types\/post"}],"author":[{"embeddable":true,"href":"https:\/\/archive.sana.sy\/tr\/index.php?rest_route=\/wp\/v2\/users\/1"}],"replies":[{"embeddable":true,"href":"https:\/\/archive.sana.sy\/tr\/index.php?rest_route=%2Fwp%2Fv2%2Fcomments&post=74121"}],"version-history":[{"count":0,"href":"https:\/\/archive.sana.sy\/tr\/index.php?rest_route=\/wp\/v2\/posts\/74121\/revisions"}],"wp:featuredmedia":[{"embeddable":true,"href":"https:\/\/archive.sana.sy\/tr\/index.php?rest_route=\/wp\/v2\/media\/74117"}],"wp:attachment":[{"href":"https:\/\/archive.sana.sy\/tr\/index.php?rest_route=%2Fwp%2Fv2%2Fmedia&parent=74121"}],"wp:term":[{"taxonomy":"category","embeddable":true,"href":"https:\/\/archive.sana.sy\/tr\/index.php?rest_route=%2Fwp%2Fv2%2Fcategories&post=74121"},{"taxonomy":"post_tag","embeddable":true,"href":"https:\/\/archive.sana.sy\/tr\/index.php?rest_route=%2Fwp%2Fv2%2Ftags&post=74121"}],"curies":[{"name":"wp","href":"https:\/\/api.w.org\/{rel}","templated":true}]}}