{"id":74137,"date":"2016-05-25T08:30:42","date_gmt":"2016-05-25T05:30:42","guid":{"rendered":"http:\/\/sana.sy\/tr\/?p=74137"},"modified":"2016-05-26T10:59:34","modified_gmt":"2016-05-26T07:59:34","slug":"iki-mezrayi-isidten-temizledi","status":"publish","type":"post","link":"https:\/\/archive.sana.sy\/tr\/?p=74137","title":{"rendered":"2 Mezra ve 2 Belde I\u015e\u0130D&#8217;ten Temizlendi\u200f"},"content":{"rendered":"<p>RAKKA \u2013 Demokratik Suriye G\u00fc\u00e7leri Rakka k\u0131rsal\u0131nda ABD komutas\u0131ndaki koalisyonun hava deste\u011fi ile I\u015e\u0130D\u2019e kar\u015f\u0131 ba\u015flatt\u0131klar\u0131 operasyonlar \u00e7er\u00e7evesinde il k\u0131rsal\u0131n\u0131n kuzeyinde 2 mezray\u0131 I\u015e\u0130D\u2019ten temizledi\u011fini ilan etti.<\/p>\n<p>Muhtelif medya ara\u00e7lar\u0131 Rakka k\u0131rsal\u0131n\u0131n kuzeyinde Ayn \u0130sa Beldesinin 5 km g\u00fcneydo\u011fusuna d\u00fc\u015fen Fatisa ile Vatisa k\u00f6yleri aras\u0131nda Demokratik Suriye G\u00fc\u00e7leri ile I\u015e\u0130D tekfircileri aras\u0131nda \u015fiddetli \u00e7at\u0131\u015fmalar meydana geldi\u011fini aktard\u0131. Haberlerde iki taraftan ciddi kay\u0131plar\u0131n ya\u015fand\u0131\u011f\u0131 \u00e7at\u0131\u015fmalar ard\u0131ndan I\u015e\u0130D\u2019li tekfircilerin iki mezradan yok edildikleri kaydedildi.<\/p>\n<p>Haberlerde ayr\u0131ca Demokratik Suriye G\u00fc\u00e7lerinin Ayn \u0130sa Beldesinin 5 km uza\u011f\u0131na d\u00fc\u015fen Mut\u015farca K\u00f6y\u00fcnde I\u015e\u0130D mevkilerini a\u011f\u0131r silahlarla ate\u015fe tuttuklar\u0131n\u0131 aktard\u0131.<\/p>\n<p>G\u00fcn\u00fcn ilerleyen saatlerinde medya ara\u00e7lar\u0131; Suriye Demokratik G\u00fc\u00e7leri Rakka k\u0131rsal\u0131n\u0131n kuzeyi Nemrudiye ve Mutma\u015firce k\u00f6ylerinde I\u015e\u0130D\u2019li \u00e7etelerle \u015fiddetli \u00e7at\u0131\u015fmalara girmeleriyle iki taraftan bir\u00e7ok kay\u0131p meydana geldi\u011fini aktard\u0131. Haberlerde muhtelif t\u00fcr a\u011f\u0131r silahlar\u0131n kullan\u0131ld\u0131\u011f\u0131 \u00e7at\u0131\u015fmalarda iki k\u00f6y\u00fcn I\u015e\u0130D\u2019ten temizlendikleri ifade edildi.<\/p>\n<p>R.H.<\/p>\n","protected":false},"excerpt":{"rendered":"<p>RAKKA \u2013 Demokratik Suriye G\u00fc\u00e7leri Rakka k\u0131rsal\u0131nda ABD komutas\u0131ndaki koalisyonun hava deste\u011fi ile I\u015e\u0130D\u2019e kar\u015f\u0131 ba\u015flatt\u0131klar\u0131 operasyonlar \u00e7er\u00e7evesinde il k\u0131rsal\u0131n\u0131n kuzeyinde 2 mezray\u0131 I\u015e\u0130D\u2019ten temizledi\u011fini ilan etti. Muhtelif medya ara\u00e7lar\u0131 Rakka k\u0131rsal\u0131n\u0131n kuzeyinde Ayn \u0130sa Beldesinin 5 km g\u00fcneydo\u011fusuna d\u00fc\u015fen Fatisa ile Vatisa k\u00f6yleri aras\u0131nda Demokratik Suriye G\u00fc\u00e7leri ile I\u015e\u0130D tekfircileri aras\u0131nda \u015fiddetli \u00e7at\u0131\u015fmalar meydana &hellip;<\/p>\n","protected":false},"author":1,"featured_media":74071,"comment_status":"closed","ping_status":"closed","sticky":false,"template":"","format":"standard","meta":{"footnotes":""},"categories":[575,17988],"tags":[21350],"class_list":["post-74137","post","type-post","status-publish","format-standard","has-post-thumbnail","","category-olaylar-ve-gercekler","category-son-haberler","tag-2-mezra-ve-2-belde-isidten-temizlendi"],"_links":{"self":[{"href":"https:\/\/archive.sana.sy\/tr\/index.php?rest_route=\/wp\/v2\/posts\/74137","targetHints":{"allow":["GET"]}}],"collection":[{"href":"https:\/\/archive.sana.sy\/tr\/index.php?rest_route=\/wp\/v2\/posts"}],"about":[{"href":"https:\/\/archive.sana.sy\/tr\/index.php?rest_route=\/wp\/v2\/types\/post"}],"author":[{"embeddable":true,"href":"https:\/\/archive.sana.sy\/tr\/index.php?rest_route=\/wp\/v2\/users\/1"}],"replies":[{"embeddable":true,"href":"https:\/\/archive.sana.sy\/tr\/index.php?rest_route=%2Fwp%2Fv2%2Fcomments&post=74137"}],"version-history":[{"count":0,"href":"https:\/\/archive.sana.sy\/tr\/index.php?rest_route=\/wp\/v2\/posts\/74137\/revisions"}],"wp:featuredmedia":[{"embeddable":true,"href":"https:\/\/archive.sana.sy\/tr\/index.php?rest_route=\/wp\/v2\/media\/74071"}],"wp:attachment":[{"href":"https:\/\/archive.sana.sy\/tr\/index.php?rest_route=%2Fwp%2Fv2%2Fmedia&parent=74137"}],"wp:term":[{"taxonomy":"category","embeddable":true,"href":"https:\/\/archive.sana.sy\/tr\/index.php?rest_route=%2Fwp%2Fv2%2Fcategories&post=74137"},{"taxonomy":"post_tag","embeddable":true,"href":"https:\/\/archive.sana.sy\/tr\/index.php?rest_route=%2Fwp%2Fv2%2Ftags&post=74137"}],"curies":[{"name":"wp","href":"https:\/\/api.w.org\/{rel}","templated":true}]}}