{"id":74146,"date":"2016-05-25T13:55:38","date_gmt":"2016-05-25T10:55:38","guid":{"rendered":"http:\/\/sana.sy\/tr\/?p=74146"},"modified":"2016-05-26T10:58:44","modified_gmt":"2016-05-26T07:58:44","slug":"erdogan-ceteleri-sivilleri-hedef-almaya-devam-ediyor","status":"publish","type":"post","link":"https:\/\/archive.sana.sy\/tr\/?p=74146","title":{"rendered":"Erdo\u011fan \u00c7eteleri Sivilleri Hedef Almaya Devam Ediyor"},"content":{"rendered":"<p>\u0130LLER\u00a0\u2013 Halep ve k\u0131rsal\u0131nda Erdo\u011fan ve Al Suud rejimlerine tabi ter\u00f6ristler kad\u0131n, \u00e7ocuk ya\u015fl\u0131 demeden savunmas\u0131z sivil insanlar\u0131 kas\u0131tl\u0131 ve geli\u015fig\u00fczel bir \u015fekilde hedef almakla birlikte \u00e7at\u0131\u015fmalar\u0131 durdurma anla\u015fmas\u0131n\u0131 ihlal etmeye devam ediyor.<\/p>\n<p>Halep \u0130l Emniyet M\u00fcd\u00fcrl\u00fc\u011f\u00fcnde yetkili bir kaynak SANA\u2019ya a\u00e7\u0131klamas\u0131nda Erdo\u011fan rejimine tabi ter\u00f6r \u00e7etelerinden keskin ni\u015fanc\u0131 ter\u00f6ristlerin Leyramun Semtinden Halidiye Semtinde yerle\u015fim evlerine ate\u015f a\u00e7t\u0131klar\u0131n\u0131 belirtti. Kaynak keskin ni\u015fanc\u0131lar\u0131n ate\u015fi sonucunda bir kad\u0131n\u0131n \u015fehit oldu\u011funu s\u00f6yledi.<\/p>\n<p>\u00d6te yandan Halep&#8217;te SANA muhabiri; ihvanc\u0131 Erdo\u011fan rejimine ba\u011fl\u0131 ter\u00f6ristlerin f\u0131rlatt\u0131\u011f\u0131 bir\u00e7ok f\u00fczenin Halep Kenti Nil Caddesine ilaveten Selahattin ve E\u015frefiye semtlerine d\u00fc\u015fmeleri sonucunda aralar\u0131nda 3 kad\u0131n\u0131n bulundu\u011fu 4 vatanda\u015f\u0131n \u015fehit, 5 vatanda\u015f\u0131n da yaral\u0131 d\u00fc\u015ft\u00fc\u011f\u00fcn\u00fc ifade etti<\/p>\n<p>Halep ve k\u0131rsal\u0131nda sivilleri geli\u015fig\u00fczel f\u00fcze sald\u0131r\u0131lar\u0131yla hedef alan Erdo\u011fan ve Al suud rejilerine tabi ter\u00f6r \u00e7etelerinin d\u00fcn il k\u0131rsal\u0131n\u0131n kuzeyi Zehra Beldesine f\u00fcze sald\u0131r\u0131lar\u0131nda bir kad\u0131n \u015fehit, aralar\u0131nda bir \u00e7ocu\u011fun bulundu\u011fu 3 vatanda\u015f da yaralanm\u0131\u015ft\u0131.<\/p>\n<p><span style=\"color: #0000ff\">Homs:<\/span><\/p>\n<p>Homs Emniyet M\u00fcd\u00fcrl\u00fc\u011f\u00fcnde bir kaynak ise \u0130l k\u0131rsal\u0131n\u0131n Telamri ve \u0130zzettin k\u00f6ylerinde siperlenen ter\u00f6r gruplar\u0131n\u0131n bug\u00fcn ilin yakla\u015f\u0131k 18 km kuzeyine d\u00fc\u015fen Me\u015firfe K\u00f6y\u00fcn\u00fc 5 f\u00fczeyle hedef almalar\u0131yla vatanda\u015flar\u0131n saflar\u0131nda bir\u00e7ok yaral\u0131 d\u00fc\u015ft\u00fc\u011f\u00fcn\u00fc; \u00f6zel ve kamu m\u00fclklerde b\u00fcy\u00fck maddi hasar\u0131n olu\u015ftu\u011funu belirtti.<\/p>\n<p>R.H.<\/p>\n","protected":false},"excerpt":{"rendered":"<p>\u0130LLER\u00a0\u2013 Halep ve k\u0131rsal\u0131nda Erdo\u011fan ve Al Suud rejimlerine tabi ter\u00f6ristler kad\u0131n, \u00e7ocuk ya\u015fl\u0131 demeden savunmas\u0131z sivil insanlar\u0131 kas\u0131tl\u0131 ve geli\u015fig\u00fczel bir \u015fekilde hedef almakla birlikte \u00e7at\u0131\u015fmalar\u0131 durdurma anla\u015fmas\u0131n\u0131 ihlal etmeye devam ediyor. Halep \u0130l Emniyet M\u00fcd\u00fcrl\u00fc\u011f\u00fcnde yetkili bir kaynak SANA\u2019ya a\u00e7\u0131klamas\u0131nda Erdo\u011fan rejimine tabi ter\u00f6r \u00e7etelerinden keskin ni\u015fanc\u0131 ter\u00f6ristlerin Leyramun Semtinden Halidiye Semtinde yerle\u015fim &hellip;<\/p>\n","protected":false},"author":1,"featured_media":64624,"comment_status":"closed","ping_status":"closed","sticky":false,"template":"","format":"standard","meta":{"footnotes":""},"categories":[575,17988],"tags":[21329],"class_list":["post-74146","post","type-post","status-publish","format-standard","has-post-thumbnail","","category-olaylar-ve-gercekler","category-son-haberler","tag-erdogan-ceteleri-sivilleri-hedef-almaya-devam-ediyor"],"_links":{"self":[{"href":"https:\/\/archive.sana.sy\/tr\/index.php?rest_route=\/wp\/v2\/posts\/74146","targetHints":{"allow":["GET"]}}],"collection":[{"href":"https:\/\/archive.sana.sy\/tr\/index.php?rest_route=\/wp\/v2\/posts"}],"about":[{"href":"https:\/\/archive.sana.sy\/tr\/index.php?rest_route=\/wp\/v2\/types\/post"}],"author":[{"embeddable":true,"href":"https:\/\/archive.sana.sy\/tr\/index.php?rest_route=\/wp\/v2\/users\/1"}],"replies":[{"embeddable":true,"href":"https:\/\/archive.sana.sy\/tr\/index.php?rest_route=%2Fwp%2Fv2%2Fcomments&post=74146"}],"version-history":[{"count":0,"href":"https:\/\/archive.sana.sy\/tr\/index.php?rest_route=\/wp\/v2\/posts\/74146\/revisions"}],"wp:featuredmedia":[{"embeddable":true,"href":"https:\/\/archive.sana.sy\/tr\/index.php?rest_route=\/wp\/v2\/media\/64624"}],"wp:attachment":[{"href":"https:\/\/archive.sana.sy\/tr\/index.php?rest_route=%2Fwp%2Fv2%2Fmedia&parent=74146"}],"wp:term":[{"taxonomy":"category","embeddable":true,"href":"https:\/\/archive.sana.sy\/tr\/index.php?rest_route=%2Fwp%2Fv2%2Fcategories&post=74146"},{"taxonomy":"post_tag","embeddable":true,"href":"https:\/\/archive.sana.sy\/tr\/index.php?rest_route=%2Fwp%2Fv2%2Ftags&post=74146"}],"curies":[{"name":"wp","href":"https:\/\/api.w.org\/{rel}","templated":true}]}}