{"id":7415,"date":"2014-08-16T16:30:31","date_gmt":"2014-08-16T13:30:31","guid":{"rendered":"http:\/\/www.sana.sy\/tr\/?p=7415"},"modified":"2014-08-17T15:46:53","modified_gmt":"2014-08-17T12:46:53","slug":"teroristler-yine-sivilleri-hedef-aldi-14-yarali","status":"publish","type":"post","link":"https:\/\/archive.sana.sy\/tr\/?p=7415","title":{"rendered":"Ter\u00f6ristler Yine Sivilleri Hedef Ald\u0131"},"content":{"rendered":"<p>\u0130LLER \u2013 Ter\u00f6ristlerin \u015eam K\u0131rsal\u0131 Ceramana Kentine bug\u00fcn havan mermileriyle sald\u0131rmas\u0131 sonucunda 14 vatanda\u015f yaraland\u0131.<\/p>\n<p>\u0130l Emniyet M\u00fcd\u00fcrl\u00fc\u011f\u00fc Kayna\u011f\u0131 SANA muhabirine a\u00e7\u0131klamas\u0131nda, ter\u00f6ristlerin f\u0131rlatt\u0131\u011f\u0131 6 havan mermisinin el Cenayin, ve el Ravda Semtleri ile el H\u0131d\u0131r Caddesine d\u00fc\u015fmesi sonucunda 14 vatanda\u015f\u0131n yaralanmas\u0131na\u00a0 bunun yan\u0131 s\u0131ra baz\u0131 ev,ticari mahal ve ara\u00e7larda maddi hasarlara yol a\u00e7t\u0131\u011f\u0131n\u0131 s\u00f6yledi.<\/p>\n<p>Gaddar ter\u00f6ristlerin ayr\u0131ca \u015eam k\u0131rsal\u0131 Ceramana Kasabas\u0131 ve Kebbas Semtinde sivil b\u00f6lgeleri bir\u00e7ok havan mermisiyle hedef almalar\u0131 sonucunda vatanda\u015flar\u0131n ev, i\u015fyerleri ve ara\u00e7lar\u0131nda maddi hasarlar meydana geldi.<\/p>\n<p>D\u00fcn de ter\u00f6ristlerin f\u0131rlatt\u0131klar\u0131 ve el Suyuf Sahas\u0131 ve Belediye yak\u0131nlar\u0131na d\u00fc\u015fen iki havan mermisi sonucunda 1 \u00e7ocuk \u015fehit d\u00fc\u015fm\u00fc\u015f 3 \u00e7ocuk da yaralanm\u0131\u015ft\u0131.<\/p>\n<p><span style=\"color: #0000ff\">S\u00fcveyda K\u0131rsal\u0131nda 6\u00a0\u015eehit, 19\u00a0Yaral\u0131<\/span><\/p>\n<p>Ter\u00f6ristlerin bug\u00fcn S\u00fcveyda k\u0131rsal\u0131nda Dera il s\u0131n\u0131rlar\u0131na yak\u0131n Dama ve Urayka k\u00f6ylerine havan mermileriyle sald\u0131rmalar\u0131 sonucunda 6\u00a0vatanda\u015f \u015fehit, 19 vatanda\u015f da yaral\u0131 d\u00fc\u015ft\u00fc.<\/p>\n<p>S\u00fcveyda \u0130l Emniyet M\u00fcd\u00fcrl\u00fc\u011f\u00fcnden bir kayna\u011f\u0131n SANA\u2019ya aktard\u0131\u011f\u0131 haberde gerekli tevdi i\u00e7in hastaneye kald\u0131r\u0131lan yaral\u0131lar\u0131n bir k\u0131sm\u0131n\u0131n durumlar\u0131n\u0131n a\u011f\u0131r oldu\u011funu s\u00f6yledi.<\/p>\n","protected":false},"excerpt":{"rendered":"<p>\u0130LLER \u2013 Ter\u00f6ristlerin \u015eam K\u0131rsal\u0131 Ceramana Kentine bug\u00fcn havan mermileriyle sald\u0131rmas\u0131 sonucunda 14 vatanda\u015f yaraland\u0131. \u0130l Emniyet M\u00fcd\u00fcrl\u00fc\u011f\u00fc Kayna\u011f\u0131 SANA muhabirine a\u00e7\u0131klamas\u0131nda, ter\u00f6ristlerin f\u0131rlatt\u0131\u011f\u0131 6 havan mermisinin el Cenayin, ve el Ravda Semtleri ile el H\u0131d\u0131r Caddesine d\u00fc\u015fmesi sonucunda 14 vatanda\u015f\u0131n yaralanmas\u0131na\u00a0 bunun yan\u0131 s\u0131ra baz\u0131 ev,ticari mahal ve ara\u00e7larda maddi hasarlara yol a\u00e7t\u0131\u011f\u0131n\u0131 s\u00f6yledi. &hellip;<\/p>\n","protected":false},"author":1,"featured_media":7416,"comment_status":"closed","ping_status":"closed","sticky":false,"template":"","format":"standard","meta":{"footnotes":""},"categories":[575],"tags":[1655],"class_list":["post-7415","post","type-post","status-publish","format-standard","has-post-thumbnail","","category-olaylar-ve-gercekler","tag-teroristler-yine-sivilleri-hedef-aldi-14-yarali"],"_links":{"self":[{"href":"https:\/\/archive.sana.sy\/tr\/index.php?rest_route=\/wp\/v2\/posts\/7415","targetHints":{"allow":["GET"]}}],"collection":[{"href":"https:\/\/archive.sana.sy\/tr\/index.php?rest_route=\/wp\/v2\/posts"}],"about":[{"href":"https:\/\/archive.sana.sy\/tr\/index.php?rest_route=\/wp\/v2\/types\/post"}],"author":[{"embeddable":true,"href":"https:\/\/archive.sana.sy\/tr\/index.php?rest_route=\/wp\/v2\/users\/1"}],"replies":[{"embeddable":true,"href":"https:\/\/archive.sana.sy\/tr\/index.php?rest_route=%2Fwp%2Fv2%2Fcomments&post=7415"}],"version-history":[{"count":0,"href":"https:\/\/archive.sana.sy\/tr\/index.php?rest_route=\/wp\/v2\/posts\/7415\/revisions"}],"wp:featuredmedia":[{"embeddable":true,"href":"https:\/\/archive.sana.sy\/tr\/index.php?rest_route=\/wp\/v2\/media\/7416"}],"wp:attachment":[{"href":"https:\/\/archive.sana.sy\/tr\/index.php?rest_route=%2Fwp%2Fv2%2Fmedia&parent=7415"}],"wp:term":[{"taxonomy":"category","embeddable":true,"href":"https:\/\/archive.sana.sy\/tr\/index.php?rest_route=%2Fwp%2Fv2%2Fcategories&post=7415"},{"taxonomy":"post_tag","embeddable":true,"href":"https:\/\/archive.sana.sy\/tr\/index.php?rest_route=%2Fwp%2Fv2%2Ftags&post=7415"}],"curies":[{"name":"wp","href":"https:\/\/api.w.org\/{rel}","templated":true}]}}