{"id":74174,"date":"2016-05-25T08:45:48","date_gmt":"2016-05-25T05:45:48","guid":{"rendered":"http:\/\/sana.sy\/tr\/?p=74174"},"modified":"2016-05-26T10:59:24","modified_gmt":"2016-05-26T07:59:24","slug":"multeciler-meselesi-ulkelerindeki-krizlerin-cozumuyle-halledilir","status":"publish","type":"post","link":"https:\/\/archive.sana.sy\/tr\/?p=74174","title":{"rendered":"M\u00fclteciler Meselesi, \u00dclkelerindeki Krizlerin \u00c7\u00f6z\u00fcm\u00fcyle Halledilir"},"content":{"rendered":"<p>PRAG \u2013 \u00c7ek Cumhuriyeti D\u0131\u015fi\u015fleri Bakan\u0131 Lubomir Zaoralek AB\u2019yi, Suriye&#8217;deki krize siyasi \u00e7\u00f6z\u00fcm aray\u0131\u015f\u0131nda Birle\u015fmi\u015f Milletlere yard\u0131mc\u0131 olmaya \u00e7a\u011f\u0131rd\u0131.<\/p>\n<p>\u00c7ek Cumhuriyeti D\u0131\u015fi\u015fleri Bakanl\u0131\u011f\u0131n\u0131n bug\u00fcn yay\u0131nlad\u0131\u011f\u0131 a\u00e7\u0131klamalar\u0131nda Zaoralek; AB \u00fclkelerinin Suriye&#8217;deki krize siyasi \u00e7\u00f6z\u00fcm bulmakla birlikte \u00f6zellikle tehcir edilen vatanda\u015flar ba\u015fta olmak \u00fczere Suriyeliler i\u00e7in daha iyi ya\u015fam ko\u015fullar\u0131 temin etme \u00e7abalar\u0131nda yard\u0131mc\u0131 olmalar\u0131 gerekti\u011fini ifade etti.<\/p>\n<p>Zaoralek m\u00fclteciler meselesinin, bu m\u00fcltecilerin geldikleri devletlerdeki sorunlar\u0131 \u00e7\u00f6zme ve onlara daha iyi ko\u015fullar temin etmekle \u00e7\u00f6z\u00fclmesi gerekti\u011finin alt\u0131n\u0131 \u00e7izdi.<\/p>\n<p>\u00d6ek Cumhuriyetinin bu y\u0131l Suriye&#8217;ye insani yard\u0131m olarak 6,296 milyon euro yard\u0131mda bulunaca\u011f\u0131n\u0131 ifade eden Zaoralek, 2016-2019 y\u0131llar\u0131 i\u00e7in bu yard\u0131mlar\u0131n peki\u015ftirilmesine \u00e7al\u0131\u015f\u0131laca\u011f\u0131n\u0131 s\u00f6zlerine ekledi.<\/p>\n<p>Bu arada ba\u015fta Erdo\u011fan ve Al Suud rejilerinin destek ve y\u00f6nlendirmeleriyle insanl\u0131k d\u0131\u015f\u0131 vah\u015fetlerde bulunan ter\u00f6r \u00f6rg\u00fctlerin vah\u015fetleriyle birlikte bu ter\u00f6r \u00f6rg\u00fctleri destekleyen devletlerin Suriye ve halk\u0131na y\u00f6nelik kat\u0131 ve gayrime\u015fru ekonomik yapt\u0131r\u0131mlar\u0131n olumsuz yans\u0131malar\u0131 sonucunda \u00e7ok say\u0131da vatanda\u015f Suriye d\u0131\u015f\u0131na, \u00e7ok say\u0131da vatanda\u015f da Suriye i\u00e7inde muhtelif b\u00f6lgelere tehcir edildi.<\/p>\n<p>R.H.<\/p>\n","protected":false},"excerpt":{"rendered":"<p>PRAG \u2013 \u00c7ek Cumhuriyeti D\u0131\u015fi\u015fleri Bakan\u0131 Lubomir Zaoralek AB\u2019yi, Suriye&#8217;deki krize siyasi \u00e7\u00f6z\u00fcm aray\u0131\u015f\u0131nda Birle\u015fmi\u015f Milletlere yard\u0131mc\u0131 olmaya \u00e7a\u011f\u0131rd\u0131. \u00c7ek Cumhuriyeti D\u0131\u015fi\u015fleri Bakanl\u0131\u011f\u0131n\u0131n bug\u00fcn yay\u0131nlad\u0131\u011f\u0131 a\u00e7\u0131klamalar\u0131nda Zaoralek; AB \u00fclkelerinin Suriye&#8217;deki krize siyasi \u00e7\u00f6z\u00fcm bulmakla birlikte \u00f6zellikle tehcir edilen vatanda\u015flar ba\u015fta olmak \u00fczere Suriyeliler i\u00e7in daha iyi ya\u015fam ko\u015fullar\u0131 temin etme \u00e7abalar\u0131nda yard\u0131mc\u0131 olmalar\u0131 gerekti\u011fini ifade &hellip;<\/p>\n","protected":false},"author":1,"featured_media":74175,"comment_status":"closed","ping_status":"closed","sticky":false,"template":"","format":"standard","meta":{"footnotes":""},"categories":[458,459,17988],"tags":[19931,21332],"class_list":["post-74174","post","type-post","status-publish","format-standard","has-post-thumbnail","","category-dunya1","category-haberler-arap-uluslararasi-politika","category-son-haberler","tag-multeciler-meselesi","tag-ulkelerindeki-krizlerin-cozumuyle-halledilir"],"_links":{"self":[{"href":"https:\/\/archive.sana.sy\/tr\/index.php?rest_route=\/wp\/v2\/posts\/74174","targetHints":{"allow":["GET"]}}],"collection":[{"href":"https:\/\/archive.sana.sy\/tr\/index.php?rest_route=\/wp\/v2\/posts"}],"about":[{"href":"https:\/\/archive.sana.sy\/tr\/index.php?rest_route=\/wp\/v2\/types\/post"}],"author":[{"embeddable":true,"href":"https:\/\/archive.sana.sy\/tr\/index.php?rest_route=\/wp\/v2\/users\/1"}],"replies":[{"embeddable":true,"href":"https:\/\/archive.sana.sy\/tr\/index.php?rest_route=%2Fwp%2Fv2%2Fcomments&post=74174"}],"version-history":[{"count":0,"href":"https:\/\/archive.sana.sy\/tr\/index.php?rest_route=\/wp\/v2\/posts\/74174\/revisions"}],"wp:featuredmedia":[{"embeddable":true,"href":"https:\/\/archive.sana.sy\/tr\/index.php?rest_route=\/wp\/v2\/media\/74175"}],"wp:attachment":[{"href":"https:\/\/archive.sana.sy\/tr\/index.php?rest_route=%2Fwp%2Fv2%2Fmedia&parent=74174"}],"wp:term":[{"taxonomy":"category","embeddable":true,"href":"https:\/\/archive.sana.sy\/tr\/index.php?rest_route=%2Fwp%2Fv2%2Fcategories&post=74174"},{"taxonomy":"post_tag","embeddable":true,"href":"https:\/\/archive.sana.sy\/tr\/index.php?rest_route=%2Fwp%2Fv2%2Ftags&post=74174"}],"curies":[{"name":"wp","href":"https:\/\/api.w.org\/{rel}","templated":true}]}}