{"id":7418,"date":"2014-08-16T11:30:46","date_gmt":"2014-08-16T08:30:46","guid":{"rendered":"http:\/\/www.sana.sy\/tr\/?p=7418"},"modified":"2014-08-16T11:31:15","modified_gmt":"2014-08-16T08:31:15","slug":"mleyha-zaferinin-hikayesi-kapiyi-yeni-zaferlere-acacaktir","status":"publish","type":"post","link":"https:\/\/archive.sana.sy\/tr\/?p=7418","title":{"rendered":"Mleyha Zaferinin Hikayesi Kap\u0131y\u0131 Yeni Zaferlere A\u00e7acakt\u0131r"},"content":{"rendered":"<p>\u015eAM KIRSALI \u2013 MLEYHA \u2013 \u201cZafer G\u00fczeldir\u201d Mleyha topra\u011f\u0131yla tozlanan saha komutanlar\u0131ndan birinin a\u011fz\u0131ndan d\u00f6k\u00fclen kelimeden sonra y\u00fcz\u00fcnde g\u00fcl\u00fcmseme belirmesi zaferin rahatl\u0131l\u0131\u011f\u0131n\u0131 dile getiriyordu.<a href=\"http:\/\/www.sana.sy\/tr\/wp-content\/uploads\/2014\/08\/Mleyha-Zaferi-1.jpg\"><img loading=\"lazy\" decoding=\"async\" class=\"alignright size-full wp-image-7420\" src=\"http:\/\/www.sana.sy\/tr\/wp-content\/uploads\/2014\/08\/Mleyha-Zaferi-1.jpg\" alt=\"Mleyha Zaferi 1\" width=\"135\" height=\"203\" srcset=\"https:\/\/archive.sana.sy\/tr\/wp-content\/uploads\/2014\/08\/Mleyha-Zaferi-1.jpg 135w, https:\/\/archive.sana.sy\/tr\/wp-content\/uploads\/2014\/08\/Mleyha-Zaferi-1-99x150.jpg 99w\" sizes=\"auto, (max-width: 135px) 100vw, 135px\" \/><\/a><\/p>\n<p>G\u00fcl\u00fcmsemesiyle birlikte bir elini havaya kald\u0131r\u0131p kahraman askerlerimize zafer selamlar\u0131n\u0131 iletiyor di\u011fer yandan da kendi arabas\u0131yla yakla\u015f\u0131k 1 km\u2019lik yolu bizimle refakat ediyordu.<\/p>\n<p>Zaferin s\u00fckuneti ve sessizli\u011fi, \u015eam ahalilerinin maksad\u0131 olan Beldenin aylarca mermi sesleriyle yat\u0131p kalkmas\u0131ndan sonra kiral\u0131k ve eli kanl\u0131 ter\u00f6ristlerin ter\u00f6r mermilerini susturmu\u015f yerini kahraman askerlerimizin zafer seslerine b\u0131rakm\u0131\u015ft\u0131.<\/p>\n<p>Askerlerimiz, Guta\u2019n\u0131n yeni bir b\u00f6l\u00fcm\u00fcn\u00fc vatan kuca\u011f\u0131na geri getiren zaferlerini b\u00fcy\u00fck sevin\u00e7le yans\u0131tt\u0131lar.<img loading=\"lazy\" decoding=\"async\" class=\"alignright size-medium wp-image-7421\" src=\"http:\/\/www.sana.sy\/tr\/wp-content\/uploads\/2014\/08\/Mleyha-zaferi-2-300x200.jpg\" alt=\"Mleyha zaferi 2\" width=\"300\" height=\"200\" srcset=\"https:\/\/archive.sana.sy\/tr\/wp-content\/uploads\/2014\/08\/Mleyha-zaferi-2-300x200.jpg 300w, https:\/\/archive.sana.sy\/tr\/wp-content\/uploads\/2014\/08\/Mleyha-zaferi-2-150x100.jpg 150w, https:\/\/archive.sana.sy\/tr\/wp-content\/uploads\/2014\/08\/Mleyha-zaferi-2.jpg 304w\" sizes=\"auto, (max-width: 300px) 100vw, 300px\" \/><\/p>\n<p>\u201cMleyha \u00e7at\u0131\u015fmas\u0131 askeri bir zaferdir lakin beraberinde b\u00fcy\u00fck manevi sonu\u00e7lar da ta\u015f\u0131maktad\u0131r\u201d bu s\u00f6zlerle ba\u015flad\u0131 saha komutan\u0131. Komutan, zaferin operasyon s\u00fcresince kahraman askerlerimizin i\u00e7inde bulunduklar\u0131 manevi hali ruhiyetlerini bir kat daha artt\u0131rd\u0131\u011f\u0131na i\u015faret ediyordu. Bu durumun askerlerimizin eli kanl\u0131 ter\u00f6ristlerin kirletti\u011fi b\u00fct\u00fcn Do\u011fu Guta\u2019y\u0131 temizlemedeki \u00e7at\u0131\u015fmalar\u0131nda b\u00fcy\u00fck yard\u0131mlar\u0131 olaca\u011f\u0131n\u0131 vurguluyordu.<\/p>\n<p>Saha komutan\u0131, Mleyha \u00e7at\u0131\u015fmas\u0131n\u0131n bir ka\u00e7 d\u00fczeyde boyutlar\u0131n\u0131n oldu\u011funu ancak askeri y\u00f6nden \u00f6nemli ve stratejik \u00e7at\u0131\u015fmalardan biri oldu\u011funu ifade ediyordu.<\/p>\n<p>Mleyha \u00e7at\u0131\u015fmas\u0131n\u0131n 3 eksenden y\u00fcr\u00fct\u00fcld\u00fc\u011f\u00fcn\u00fc belirten saha komutan\u0131 operasyonlar\u0131n seyrinde s\u0131\u011f a\u011fa\u00e7lar\u0131n bulunmas\u0131 sebebiyle b\u00fcy\u00fck zorluklarla kar\u015f\u0131la\u015ft\u0131klar\u0131n\u0131 ve bunun kendileri \u00f6n\u00fcnde engel te\u015fkil etti\u011fini bu y\u00fczden gece s\u0131zma eylemlerine ba\u015fvurduklar\u0131n\u0131 ve operasyonlar\u0131n ba\u015far\u0131yla tamamlanarak ba\u015far\u0131l\u0131 bir se\u00e7enek oldu\u011funu s\u00f6yl\u00fcyordu.<img loading=\"lazy\" decoding=\"async\" class=\"alignright size-medium wp-image-7422\" src=\"http:\/\/www.sana.sy\/tr\/wp-content\/uploads\/2014\/08\/Mleyha-zaferi-3-300x159.jpg\" alt=\"Mleyha zaferi 3\" width=\"300\" height=\"159\" srcset=\"https:\/\/archive.sana.sy\/tr\/wp-content\/uploads\/2014\/08\/Mleyha-zaferi-3-300x160.jpg 300w, https:\/\/archive.sana.sy\/tr\/wp-content\/uploads\/2014\/08\/Mleyha-zaferi-3-150x79.jpg 150w, https:\/\/archive.sana.sy\/tr\/wp-content\/uploads\/2014\/08\/Mleyha-zaferi-3.jpg 381w\" sizes=\"auto, (max-width: 300px) 100vw, 300px\" \/><\/p>\n<p>130 g\u00fcn s\u00fcren Mleyha \u00e7at\u0131\u015fmalar\u0131 b\u00fcy\u00fck hedef ve zaferin azim, \u0131srar ve planlamalar\u0131n sonucunda geldi\u011fini ispat ediyordu. Ter\u00f6ristlerin Mleyha\u2019da d\u00fc\u015f\u00fc\u015fleri Do\u011fu Guta\u2019n\u0131n tamam\u0131nda kahraman askerlerimin \u00f6n\u00fcnde d\u00fc\u015feceklerinin \u00f6n ilan\u0131ndan ba\u015fka bir \u015fey de\u011fildir.<\/p>\n","protected":false},"excerpt":{"rendered":"<p>\u015eAM KIRSALI \u2013 MLEYHA \u2013 \u201cZafer G\u00fczeldir\u201d Mleyha topra\u011f\u0131yla tozlanan saha komutanlar\u0131ndan birinin a\u011fz\u0131ndan d\u00f6k\u00fclen kelimeden sonra y\u00fcz\u00fcnde g\u00fcl\u00fcmseme belirmesi zaferin rahatl\u0131l\u0131\u011f\u0131n\u0131 dile getiriyordu. G\u00fcl\u00fcmsemesiyle birlikte bir elini havaya kald\u0131r\u0131p kahraman askerlerimize zafer selamlar\u0131n\u0131 iletiyor di\u011fer yandan da kendi arabas\u0131yla yakla\u015f\u0131k 1 km\u2019lik yolu bizimle refakat ediyordu. Zaferin s\u00fckuneti ve sessizli\u011fi, \u015eam ahalilerinin maksad\u0131 olan &hellip;<\/p>\n","protected":false},"author":1,"featured_media":7419,"comment_status":"closed","ping_status":"closed","sticky":false,"template":"","format":"standard","meta":{"footnotes":""},"categories":[596,575],"tags":[1656],"class_list":["post-7418","post","type-post","status-publish","format-standard","has-post-thumbnail","","category-fotografli-raporlar","category-olaylar-ve-gercekler","tag-mleyha-zaferinin-hikayesi-kapiyi-yeni-zaferlere-acacaktir"],"_links":{"self":[{"href":"https:\/\/archive.sana.sy\/tr\/index.php?rest_route=\/wp\/v2\/posts\/7418","targetHints":{"allow":["GET"]}}],"collection":[{"href":"https:\/\/archive.sana.sy\/tr\/index.php?rest_route=\/wp\/v2\/posts"}],"about":[{"href":"https:\/\/archive.sana.sy\/tr\/index.php?rest_route=\/wp\/v2\/types\/post"}],"author":[{"embeddable":true,"href":"https:\/\/archive.sana.sy\/tr\/index.php?rest_route=\/wp\/v2\/users\/1"}],"replies":[{"embeddable":true,"href":"https:\/\/archive.sana.sy\/tr\/index.php?rest_route=%2Fwp%2Fv2%2Fcomments&post=7418"}],"version-history":[{"count":0,"href":"https:\/\/archive.sana.sy\/tr\/index.php?rest_route=\/wp\/v2\/posts\/7418\/revisions"}],"wp:featuredmedia":[{"embeddable":true,"href":"https:\/\/archive.sana.sy\/tr\/index.php?rest_route=\/wp\/v2\/media\/7419"}],"wp:attachment":[{"href":"https:\/\/archive.sana.sy\/tr\/index.php?rest_route=%2Fwp%2Fv2%2Fmedia&parent=7418"}],"wp:term":[{"taxonomy":"category","embeddable":true,"href":"https:\/\/archive.sana.sy\/tr\/index.php?rest_route=%2Fwp%2Fv2%2Fcategories&post=7418"},{"taxonomy":"post_tag","embeddable":true,"href":"https:\/\/archive.sana.sy\/tr\/index.php?rest_route=%2Fwp%2Fv2%2Ftags&post=7418"}],"curies":[{"name":"wp","href":"https:\/\/api.w.org\/{rel}","templated":true}]}}