{"id":74204,"date":"2016-05-25T16:00:20","date_gmt":"2016-05-25T13:00:20","guid":{"rendered":"http:\/\/www.sana.sy\/tr\/?p=74204"},"modified":"2016-05-27T12:43:41","modified_gmt":"2016-05-27T09:43:41","slug":"bmgk-suriye-arap-cumhuriyeti-halkinin-acilarini-paylasiyoruz-2","status":"publish","type":"post","link":"https:\/\/archive.sana.sy\/tr\/?p=74204","title":{"rendered":"BMGK: Suriye Arap Cumhuriyeti Halk\u0131n\u0131n Ac\u0131lar\u0131n\u0131 Payla\u015f\u0131yoruz"},"content":{"rendered":"<p>NEW YORK \u2013 Birle\u015fmi\u015f Milletlere tabi G\u00fcvenlik Konseyi (BMGK), iki g\u00fcn \u00f6nce Tartus Kenti ve Lazkiye \u0130line tabi Ceble Kentinde meydana gelen ve geneli \u00e7ocuk ve kad\u0131nlardan olu\u015fan onlarca savunmas\u0131z masum sivil insan\u0131n \u015fehit d\u00fc\u015fmelerine yol a\u00e7an bombal\u0131 ter\u00f6r eylemlerini keskin ifadelerle k\u0131nad\u0131.<\/p>\n<p>Rus temsilcili\u011fin haz\u0131rlad\u0131\u011f\u0131 BMGK bas\u0131n bildirisinde; \u201cG\u00fcvenlik Konseyindeki t\u00fcm \u00fcyeler, 23 May\u0131s tarihinde Suriye&#8217;nin Tartus ve Ceble kentlerinde meydana gelen ve I\u015e\u0130D\u2019in \u00fcstlendi\u011fi bombal\u0131 ter\u00f6r eylelerini en keskin ifadelerle k\u0131n\u0131yor. Konsey \u00fcyeleri kurbanlar\u0131n ailelerine taziyelerini, yaral\u0131lara da acil \u015fifalar temennilerinde bulunurken, Suriye Arap Cumhuriyeti halk\u0131n\u0131n ac\u0131lar\u0131n\u0131 da payla\u015f\u0131yor.\u201d \u0130fadeleri kullan\u0131ld\u0131.<\/p>\n<p>Suriye&#8217;de I\u015e\u0130D ve Nusra Cephesinin yan\u0131 s\u0131ra bu ter\u00f6r \u00f6rg\u00fctlere kat\u0131lan yabanc\u0131 ter\u00f6ristlerin te\u015fkil ettikleri ciddi tehlikeden derin endi\u015felerini fiade eden BMGK \u00fcyeleri bas\u0131n bildirisinde; bunlar ve Kaide \u00d6rg\u00fct\u00fc tabanl\u0131 t\u00fcm silahl\u0131 ter\u00f6r \u00f6rg\u00fctlerin Suriye&#8217;de ter\u00f6r eylemlerini s\u00fcrd\u00fcrme tehlikesine dikkat \u00e7ekti.<\/p>\n<p>Bu ter\u00f6r \u00f6rg\u00fctlerin eylemleriyle yol a\u00e7t\u0131klar\u0131 olumsuz etkilerle birlikte radikal ideolojileri ve varl\u0131klar\u0131n\u0131 k\u0131nayan BMGK \u00fcyeleri; Suriye ve t\u00fcm b\u00f6lge devletlerinin istikrar\u0131na kar\u015f\u0131 ciddi bir tehdit te\u015fkil ettiklerini vurgulad\u0131.<\/p>\n<p>BMGK \u00fcyeleri bas\u0131n bildirisinde t\u00fcm \u00fcyelerin BMGK\u2019nin 2178\/2014 say\u0131l\u0131 karar\u0131na tamamen ba\u011fl\u0131 kalmalar\u0131 ve ter\u00f6re hi\u00e7bir \u015fekilde destek sa\u011flamamalar\u0131 gere\u011finin alt\u0131n\u0131 \u00e7izdi. Bu ter\u00f6r eylemlerinin failleri, finansmanlar\u0131, organizat\u00f6rleri ve destek\u00e7ilerinin yarg\u0131lan\u0131p hakkettikleri cezay\u0131 almalar\u0131 gere\u011fini vurgulayan BMGK \u00fcyeleri; zaman\u0131, mekan\u0131 ve nedeni ne olursa olsun bu gibi ter\u00f6r eylemlerinin hi\u00e7bir \u015fekilde kabul edilemez oldu\u011funu ifade etti.<\/p>\n<p>BMGK \u00fcyeleri bas\u0131n bildirisinde ayr\u0131ca BMGK\u2019nin 2199\/2015 ve 2253\/2015 say\u0131l\u0131 kararlar\u0131n\u0131n yan\u0131 s\u0131ra ter\u00f6r\u00fc destekleyen devletlere kar\u015f\u0131 etkin ve cayd\u0131r\u0131c\u0131 icraatlar al\u0131nmakla birlikte BM misak\u0131 ve kanunlar\u0131 \u00e7er\u00e7evesinde ter\u00f6rle m\u00fccadele edilmesi gere\u011finin alt\u0131n\u0131 \u00e7izdi.<\/p>\n","protected":false},"excerpt":{"rendered":"<p>NEW YORK \u2013 Birle\u015fmi\u015f Milletlere tabi G\u00fcvenlik Konseyi (BMGK), iki g\u00fcn \u00f6nce Tartus Kenti ve Lazkiye \u0130line tabi Ceble Kentinde meydana gelen ve geneli \u00e7ocuk ve kad\u0131nlardan olu\u015fan onlarca savunmas\u0131z masum sivil insan\u0131n \u015fehit d\u00fc\u015fmelerine yol a\u00e7an bombal\u0131 ter\u00f6r eylemlerini keskin ifadelerle k\u0131nad\u0131. Rus temsilcili\u011fin haz\u0131rlad\u0131\u011f\u0131 BMGK bas\u0131n bildirisinde; \u201cG\u00fcvenlik Konseyindeki t\u00fcm \u00fcyeler, 23 May\u0131s &hellip;<\/p>\n","protected":false},"author":1,"featured_media":74201,"comment_status":"closed","ping_status":"closed","sticky":false,"template":"","format":"standard","meta":{"footnotes":""},"categories":[458,459,17988],"tags":[5730,20897,21343,21338,10970],"class_list":["post-74204","post","type-post","status-publish","format-standard","has-post-thumbnail","","category-dunya1","category-haberler-arap-uluslararasi-politika","category-son-haberler","tag-bm","tag-bmgk","tag-bmgk-suriye-arap-cumhuriyeti-halkinin-acilarini-paylasiyoruz","tag-ceble-ve-tartus-patlamalari","tag-kinama"],"_links":{"self":[{"href":"https:\/\/archive.sana.sy\/tr\/index.php?rest_route=\/wp\/v2\/posts\/74204","targetHints":{"allow":["GET"]}}],"collection":[{"href":"https:\/\/archive.sana.sy\/tr\/index.php?rest_route=\/wp\/v2\/posts"}],"about":[{"href":"https:\/\/archive.sana.sy\/tr\/index.php?rest_route=\/wp\/v2\/types\/post"}],"author":[{"embeddable":true,"href":"https:\/\/archive.sana.sy\/tr\/index.php?rest_route=\/wp\/v2\/users\/1"}],"replies":[{"embeddable":true,"href":"https:\/\/archive.sana.sy\/tr\/index.php?rest_route=%2Fwp%2Fv2%2Fcomments&post=74204"}],"version-history":[{"count":0,"href":"https:\/\/archive.sana.sy\/tr\/index.php?rest_route=\/wp\/v2\/posts\/74204\/revisions"}],"wp:featuredmedia":[{"embeddable":true,"href":"https:\/\/archive.sana.sy\/tr\/index.php?rest_route=\/wp\/v2\/media\/74201"}],"wp:attachment":[{"href":"https:\/\/archive.sana.sy\/tr\/index.php?rest_route=%2Fwp%2Fv2%2Fmedia&parent=74204"}],"wp:term":[{"taxonomy":"category","embeddable":true,"href":"https:\/\/archive.sana.sy\/tr\/index.php?rest_route=%2Fwp%2Fv2%2Fcategories&post=74204"},{"taxonomy":"post_tag","embeddable":true,"href":"https:\/\/archive.sana.sy\/tr\/index.php?rest_route=%2Fwp%2Fv2%2Ftags&post=74204"}],"curies":[{"name":"wp","href":"https:\/\/api.w.org\/{rel}","templated":true}]}}