{"id":74207,"date":"2016-05-25T16:44:15","date_gmt":"2016-05-25T13:44:15","guid":{"rendered":"http:\/\/sana.sy\/tr\/?p=74207"},"modified":"2016-05-26T15:19:18","modified_gmt":"2016-05-26T12:19:18","slug":"anlasmayi-ihlal-eden-ve-sivillere-saldiran-teroristlere-karsi-operasyonlar-devam-ediyor","status":"publish","type":"post","link":"https:\/\/archive.sana.sy\/tr\/?p=74207","title":{"rendered":"Anla\u015fmay\u0131 \u0130hlal Eden ve Sivillere Sald\u0131ran Ter\u00f6ristlere Kar\u015f\u0131 Operasyonlar Devam Ediyor"},"content":{"rendered":"<p>\u0130LLER \u2013 \u00c7at\u0131\u015fmalar\u0131 durdurma anla\u015fmas\u0131na ihlalleriyle sivil b\u00f6lgelere ve askeri mevkilere sald\u0131r\u0131 giri\u015fimlerinde bulunan \u00e7okuluslu tekfirci ve kiral\u0131k ter\u00f6re kar\u015f\u0131 operasyonlar\u0131nda ordu briklerimiz bug\u00fcn, hava g\u00fc\u00e7lerimizin deste\u011finde yeni ba\u015far\u0131lar kaydettiler.<\/p>\n<p><span style=\"color: #0000ff\">KUNAYTRA:<\/span><\/p>\n<p>Saha kaynaklar\u0131 SANA\u2019ya a\u00e7\u0131klamalar\u0131nda ordu birliklerimizin Kunaytra k\u0131rsal\u0131nda \u0130srail destekli ter\u00f6ristlere kar\u015f\u0131 operasyonlar\u0131 kapsam\u0131nda il k\u0131rsal\u0131n\u0131n kuzeyi Cebbata el Ha\u015fab ile Hmeydiye beldeleri aras\u0131nda hareket eden cephane y\u00fckl\u00fc bir arac\u0131 ter\u00f6rist ekibiyle birlikte imha ettiklerini belirtti.<\/p>\n<p>Kunaytra k\u0131rsal\u0131nda geneli Kaide \u00d6rg\u00fct\u00fcn\u00fcn Suriye kolu Nusra Cephesine tabi olan ve i\u015fgalci \u0130srail\u2019den direk ve dolayl\u0131 her t\u00fcrl\u00fc deste\u011fi alan ter\u00f6r \u00e7eteleri bulunduklar\u0131 b\u00f6lgelerde sivil insanlar\u0131 canl\u0131 kalkan olarak kullan\u0131rken, civardaki sivil b\u00f6lgelere ve askeri mevkilere sald\u0131r\u0131 giri\u015fimlerinde bulunuyor.<\/p>\n<p><span style=\"color: #0000ff\">DEYREZZOR:<\/span><\/p>\n<p>Askeri bir kaynak SANA\u2019ya a\u00e7\u0131klamas\u0131nda; ordu birliklerimizin Deyrezzor\u2019da Huvaycet Sakr B\u00f6lgesinde I\u015e\u0130D ter\u00f6r \u00f6rg\u00fct\u00fcn\u00fcn toplanma yerleri ve mevkilerini hedef alarak \u00e7ok say\u0131da ter\u00f6risti \u00f6l\u00fc ve yaral\u0131 d\u00fc\u015f\u00fcr\u00fcp ara\u00e7 ve havan rampalar\u0131n\u0131 ekipleriyle birlikte imha ettiklerini ifade etti.<\/p>\n<p><span style=\"color: #0000ff\">HOMS:<\/span><\/p>\n<p>\u00d6te yandan hava g\u00fc\u00e7lerimizin Homs Kentinin yakla\u015f\u0131k 73 km do\u011fusuna d\u00fc\u015fen Resm Hamide ve Bat\u0131 Habra, Cbab Hamad, Kuzey \u015eendahiye ve Unk el Hava k\u00f6ylerinde I\u015e\u0130D\u2019in komuta karargahlar\u0131 ve ara\u00e7lar\u0131na kar\u015f\u0131 hava operasyonlar\u0131 ger\u00e7ekle\u015ftirdiklerini belirten askeri kaynak; tekfircileri say\u0131 ve te\u00e7hizatlar\u0131yla birlikte b\u00fcy\u00fck kay\u0131plara u\u011fratt\u0131klar\u0131n\u0131 s\u00f6yledi.<\/p>\n<p>Kaynak; Homs Kentinin yakla\u015f\u0131k 25 km kuzeydo\u011fusuna d\u00fc\u015fen Telamri K\u00f6y\u00fcn\u00fcn Bat\u0131s\u0131nda ise hava g\u00fc\u00e7lerimizin Kaide \u00d6rg\u00fct\u00fcn\u00fcn Suriye kolu Nusra Cephesine tabi siper ve mevkileri imha ederken; buralarda da \u00e7ok say\u0131da ter\u00f6risti \u00f6l\u00fc ve yaral\u0131 d\u00fc\u015f\u00fcrd\u00fcklerini aktard\u0131.<\/p>\n<p><span style=\"color: #0000ff\">\u015eAM KIRSALI:<\/span><\/p>\n<p>Bu arada saha kaynaklar\u0131 SANA\u2019ya a\u00e7\u0131klamalar\u0131nda; ordu birliklerimizin L\u00fcbnan direni\u015f g\u00fc\u00e7leriyle i\u015fbirli\u011fi i\u00e7inde \u015eam k\u0131rsal\u0131n\u0131n bat\u0131s\u0131 Cracir Da\u011flar\u0131nda Nusra Cephesi ve I\u015e\u0130D \u00e7etelerinin yuva ve karargahlar\u0131na y\u00f6nelik nitelikli operasyonlar ger\u00e7ekle\u015ftirdiklerini beyan etti. Kaynaklar; operasyonlarda en az 6 ter\u00f6ristin \u00f6l\u00fc ve bir\u00e7ok ter\u00f6ristin de yaral\u0131 d\u00fc\u015f\u00fcr\u00fcld\u00fc\u011f\u00fcne dikkat \u00e7ekti.<\/p>\n<p>Kaynaklar; ordu birliklerimizin Bat\u0131 Kalemun B\u00f6lgesinin Flayta Da\u011flar\u0131nda askeri noktalara sald\u0131rmaya \u00e7al\u0131\u015fan Nusra Cephesine tabi bir ter\u00f6r grubuna kar\u015f\u0131 koyarak sald\u0131rgan ter\u00f6ristlerin saflar\u0131nda a\u011f\u0131r kay\u0131plara yol a\u00e7t\u0131klar\u0131n\u0131 s\u00f6zlerine ekledi.<\/p>\n<p>Kaynaklar L\u00fcbnan s\u0131n\u0131rlar\u0131na yak\u0131n Bat\u0131 Kalemun B\u00f6lgesinin Zalil el Esved Tepesinde Nusra Cephesi ter\u00f6ristlerine ait z\u0131rhl\u0131 bir arac\u0131 g\u00fcd\u00fcml\u00fc bir f\u00fczeyle hedef alarak ekibiyle birlikte imha edildi\u011fini aktard\u0131.<\/p>\n","protected":false},"excerpt":{"rendered":"<p>\u0130LLER \u2013 \u00c7at\u0131\u015fmalar\u0131 durdurma anla\u015fmas\u0131na ihlalleriyle sivil b\u00f6lgelere ve askeri mevkilere sald\u0131r\u0131 giri\u015fimlerinde bulunan \u00e7okuluslu tekfirci ve kiral\u0131k ter\u00f6re kar\u015f\u0131 operasyonlar\u0131nda ordu briklerimiz bug\u00fcn, hava g\u00fc\u00e7lerimizin deste\u011finde yeni ba\u015far\u0131lar kaydettiler. KUNAYTRA: Saha kaynaklar\u0131 SANA\u2019ya a\u00e7\u0131klamalar\u0131nda ordu birliklerimizin Kunaytra k\u0131rsal\u0131nda \u0130srail destekli ter\u00f6ristlere kar\u015f\u0131 operasyonlar\u0131 kapsam\u0131nda il k\u0131rsal\u0131n\u0131n kuzeyi Cebbata el Ha\u015fab ile Hmeydiye beldeleri aras\u0131nda &hellip;<\/p>\n","protected":false},"author":1,"featured_media":74209,"comment_status":"closed","ping_status":"closed","sticky":false,"template":"","format":"standard","meta":{"footnotes":""},"categories":[575,17988],"tags":[],"class_list":["post-74207","post","type-post","status-publish","format-standard","has-post-thumbnail","","category-olaylar-ve-gercekler","category-son-haberler"],"_links":{"self":[{"href":"https:\/\/archive.sana.sy\/tr\/index.php?rest_route=\/wp\/v2\/posts\/74207","targetHints":{"allow":["GET"]}}],"collection":[{"href":"https:\/\/archive.sana.sy\/tr\/index.php?rest_route=\/wp\/v2\/posts"}],"about":[{"href":"https:\/\/archive.sana.sy\/tr\/index.php?rest_route=\/wp\/v2\/types\/post"}],"author":[{"embeddable":true,"href":"https:\/\/archive.sana.sy\/tr\/index.php?rest_route=\/wp\/v2\/users\/1"}],"replies":[{"embeddable":true,"href":"https:\/\/archive.sana.sy\/tr\/index.php?rest_route=%2Fwp%2Fv2%2Fcomments&post=74207"}],"version-history":[{"count":0,"href":"https:\/\/archive.sana.sy\/tr\/index.php?rest_route=\/wp\/v2\/posts\/74207\/revisions"}],"wp:featuredmedia":[{"embeddable":true,"href":"https:\/\/archive.sana.sy\/tr\/index.php?rest_route=\/wp\/v2\/media\/74209"}],"wp:attachment":[{"href":"https:\/\/archive.sana.sy\/tr\/index.php?rest_route=%2Fwp%2Fv2%2Fmedia&parent=74207"}],"wp:term":[{"taxonomy":"category","embeddable":true,"href":"https:\/\/archive.sana.sy\/tr\/index.php?rest_route=%2Fwp%2Fv2%2Fcategories&post=74207"},{"taxonomy":"post_tag","embeddable":true,"href":"https:\/\/archive.sana.sy\/tr\/index.php?rest_route=%2Fwp%2Fv2%2Ftags&post=74207"}],"curies":[{"name":"wp","href":"https:\/\/api.w.org\/{rel}","templated":true}]}}