{"id":7426,"date":"2014-08-16T10:52:54","date_gmt":"2014-08-16T07:52:54","guid":{"rendered":"http:\/\/www.sana.sy\/tr\/?p=7426"},"modified":"2014-08-17T13:09:14","modified_gmt":"2014-08-17T10:09:14","slug":"isgalci-israil-balik-avcilarina-ates-acarak-ateskesi-yeniden-ihlal-etti","status":"publish","type":"post","link":"https:\/\/archive.sana.sy\/tr\/?p=7426","title":{"rendered":"\u0130\u015fgalci \u0130srail Bal\u0131k Avc\u0131lar\u0131na Ate\u015f A\u00e7arak Ate\u015fkesi Yeniden \u0130hlal Etti"},"content":{"rendered":"<p>KUD\u00dcS \u2013\u0130\u015fgalci \u0130srail kuvetleri d\u00fcn ak\u015fam ate\u015fkesi yeniden ihlal ederek Gazze Kesiminin g\u00fcneyinde Han Yunus Kentinin do\u011fusuna d\u00fc\u015fen el Farrahin Semtinde Filistinli ev ve\u00a0 tar\u0131m arazilerine otomatik silahlarla ate\u015f a\u00e7t\u0131.<\/p>\n<p>Filistinli SAFA ajans\u0131 a\u00e7\u0131klamas\u0131nda el Farahin Semtinde i\u015fgalci \u0130srail g\u00fc\u00e7lerine ait 2 z\u0131rhl\u0131 ara\u00e7 ve 3 askeri arac\u0131n bulundu\u011funu s\u00f6yledi.<\/p>\n<p>\u0130\u015fgal ordusu ge\u00e7en Per\u015fembe g\u00fcn\u00fc gecesinde ba\u015flayan ge\u00e7ici ate\u015fkesi \u00e7i\u011fnemi\u015f deniz sava\u015f botlar\u0131 da ate\u015f ve f\u00fczeleriyle Kesimin g\u00fcneyindeki limanda Filistinli bal\u0131k avc\u0131lar\u0131n\u0131 hedef alm\u0131\u015ft\u0131.<\/p>\n<p>\u0130srail sava\u015f u\u00e7aklar\u0131 da o g\u00fcn ate\u015fkesin 5 g\u00fcne uzat\u0131lmas\u0131 ittifak\u0131 ilan\u0131na ra\u011fmen Kesimin bir ka\u00e7 mevkisini bombard\u0131man ate\u015fine tutmu\u015ftu.<\/p>\n<p>Bat\u0131 Yaka\u2019da ise, d\u00fcn ak\u015fam Ramallah kentinin kuzeyinde ki Silvad Beldesinde i\u015fgal askerlerinin ate\u015fiyle 3 Filistinli gen\u00e7 yaraland\u0131.<\/p>\n<p>Kaynaklar, i\u015fgal g\u00fc\u00e7lerine ait yakla\u015f\u0131k 25 devriyenin Silvad Beldesi ve \u00e7evresini \u00f6\u011flen saatlerinden bask\u0131n d\u00fczenlediklerini\u00a0 ve Bat\u0131 B\u00f6lgesinde y\u00fczlerce Filistinli gencin kar\u015f\u0131 koyduklar\u0131n\u0131 ifade etti.<\/p>\n<p>Kaynak, i\u015fgalin plastik mermi ve gaz bombalar\u0131 f\u0131rlatt\u0131\u011f\u0131n\u0131 onlarca genci de yaralad\u0131\u011f\u0131n\u0131 \u00f6te yandan Filistinli gen\u00e7lerin i\u015fgal g\u00fc\u00e7lerine ta\u015f ve molotof kokteyliyle kar\u015f\u0131l\u0131k verdiklerini ve Beldeye ge\u00e7i\u015flerini engellediklerini s\u00f6yledi.<\/p>\n<p>\u0130\u015fgal g\u00fc\u00e7leri Ramallah\u2019\u0131n bat\u0131s\u0131ndaki \u015eakba K\u00f6y\u00fcn\u00fcn kuzey mahallesini basmas\u0131 sonucunda bir gence sald\u0131rd\u0131.<\/p>\n<p>\u0130srail i\u015fgal g\u00fc\u00e7lerinin Gazze Kesimine y\u00f6nelik sald\u0131r\u0131lar\u0131 sonucunda \u015fehit d\u00fc\u015fen Filistinlilerin say\u0131s\u0131 1980 yararl\u0131lar\u0131n say\u0131s\u0131 ise 10181\u2019e varm\u0131\u015ft\u0131.<\/p>\n","protected":false},"excerpt":{"rendered":"<p>KUD\u00dcS \u2013\u0130\u015fgalci \u0130srail kuvetleri d\u00fcn ak\u015fam ate\u015fkesi yeniden ihlal ederek Gazze Kesiminin g\u00fcneyinde Han Yunus Kentinin do\u011fusuna d\u00fc\u015fen el Farrahin Semtinde Filistinli ev ve\u00a0 tar\u0131m arazilerine otomatik silahlarla ate\u015f a\u00e7t\u0131. Filistinli SAFA ajans\u0131 a\u00e7\u0131klamas\u0131nda el Farahin Semtinde i\u015fgalci \u0130srail g\u00fc\u00e7lerine ait 2 z\u0131rhl\u0131 ara\u00e7 ve 3 askeri arac\u0131n bulundu\u011funu s\u00f6yledi. \u0130\u015fgal ordusu ge\u00e7en Per\u015fembe g\u00fcn\u00fc &hellip;<\/p>\n","protected":false},"author":1,"featured_media":7427,"comment_status":"closed","ping_status":"closed","sticky":false,"template":"","format":"standard","meta":{"footnotes":""},"categories":[458,459,447],"tags":[1658],"class_list":["post-7426","post","type-post","status-publish","format-standard","has-post-thumbnail","","category-dunya1","category-haberler-arap-uluslararasi-politika","category-politika","tag-isgalci-israil-balik-avcilarina-ates-acarak-ateskesi-yeniden-ihlal-etti"],"_links":{"self":[{"href":"https:\/\/archive.sana.sy\/tr\/index.php?rest_route=\/wp\/v2\/posts\/7426","targetHints":{"allow":["GET"]}}],"collection":[{"href":"https:\/\/archive.sana.sy\/tr\/index.php?rest_route=\/wp\/v2\/posts"}],"about":[{"href":"https:\/\/archive.sana.sy\/tr\/index.php?rest_route=\/wp\/v2\/types\/post"}],"author":[{"embeddable":true,"href":"https:\/\/archive.sana.sy\/tr\/index.php?rest_route=\/wp\/v2\/users\/1"}],"replies":[{"embeddable":true,"href":"https:\/\/archive.sana.sy\/tr\/index.php?rest_route=%2Fwp%2Fv2%2Fcomments&post=7426"}],"version-history":[{"count":0,"href":"https:\/\/archive.sana.sy\/tr\/index.php?rest_route=\/wp\/v2\/posts\/7426\/revisions"}],"wp:featuredmedia":[{"embeddable":true,"href":"https:\/\/archive.sana.sy\/tr\/index.php?rest_route=\/wp\/v2\/media\/7427"}],"wp:attachment":[{"href":"https:\/\/archive.sana.sy\/tr\/index.php?rest_route=%2Fwp%2Fv2%2Fmedia&parent=7426"}],"wp:term":[{"taxonomy":"category","embeddable":true,"href":"https:\/\/archive.sana.sy\/tr\/index.php?rest_route=%2Fwp%2Fv2%2Fcategories&post=7426"},{"taxonomy":"post_tag","embeddable":true,"href":"https:\/\/archive.sana.sy\/tr\/index.php?rest_route=%2Fwp%2Fv2%2Ftags&post=7426"}],"curies":[{"name":"wp","href":"https:\/\/api.w.org\/{rel}","templated":true}]}}