{"id":74260,"date":"2016-05-26T12:00:35","date_gmt":"2016-05-26T09:00:35","guid":{"rendered":"http:\/\/www.sana.sy\/tr\/?p=74260"},"modified":"2016-05-27T12:43:27","modified_gmt":"2016-05-27T09:43:27","slug":"sivilleri-hedef-alan-hain-saldirilarda-yine-sehit-var","status":"publish","type":"post","link":"https:\/\/archive.sana.sy\/tr\/?p=74260","title":{"rendered":"Sivilleri Hedef Alan Hain Sald\u0131r\u0131larda Yine \u015eehit Var"},"content":{"rendered":"<p>HALEP \u2013 Erdo\u011fan ve Al Saud rejimlerinin y\u00f6nlendirmeleriyle sivil vatanda\u015flara y\u00f6nelik sald\u0131r\u0131lar\u0131n\u0131 s\u00fcrd\u00fcren ve ter\u00f6re son verme ama\u00e7l\u0131 siyasi \u00e7abalar\u0131 baltalayan ter\u00f6r \u00f6rg\u00fctlerinin sald\u0131r\u0131rlar\u0131nda bug\u00fcn yine savunmas\u0131z sivil insanlar kurban gitti.<\/p>\n<p>Halep \u0130l Emniyet M\u00fcd\u00fcrl\u00fc\u011f\u00fcnde bir kaynak SANA\u2019ya a\u00e7\u0131klamas\u0131nda; Erdo\u011fan ve Al suud rejimlerine tabi ter\u00f6r \u00e7etelerinin bug\u00fcn erken saatlerde Halep Kentinin sivil yerle\u015fim alanlar\u0131ndan Selahattin Semtine ate\u015f a\u00e7t\u0131klar\u0131n\u0131 belirtti. Kaynak a\u00e7\u0131lan ate\u015f sonucunda bir vatanda\u015f\u0131n keskin ni\u015fanc\u0131 kur\u015funuyla \u015fehit d\u00fc\u015ft\u00fc\u011f\u00fcn\u00fc aktard\u0131.<\/p>\n<p>Ayn\u0131 kaynak Halep Kentinin Beni Zeyd Semtinde bulunan Erdo\u011fan \u00e7etelerinin ise gece yar\u0131s\u0131ndan sonra Meydan Semtini 5 f\u00fczeyle hedef ald\u0131klar\u0131na dikkat \u00e7ekti. Hain sald\u0131r\u0131lar sonucunda bir binada b\u00fcy\u00fck bir yang\u0131n \u00e7\u0131kt\u0131\u011f\u0131n\u0131 ifade eden kaynak, bir ba\u015fka evin ise tamamen y\u0131k\u0131ld\u0131\u011f\u0131n\u0131 s\u00f6yledi.<\/p>\n<p>Erdo\u011fan \u00e7etelerinin d\u00fcn Halep Kentinin E\u015frefiye, Salahattin ve Halidiye semtlerine ek olarak k\u0131rsala d\u00fc\u015fen N\u00fcbbul ve Zehra beldelerini geli\u015fi g\u00fczel f\u00fczeler ve keskin ni\u015fanc\u0131 ailahlar\u0131yla hedef almalar\u0131 sonucunda aralar\u0131nda 3 kad\u0131n ve 2 \u00e7ocu\u011fun bulundu\u011fu 7 vatanda\u015f \u015fehit d\u00fc\u015fm\u00fc\u015ft\u00fc.<\/p>\n<p>R.H.<\/p>\n","protected":false},"excerpt":{"rendered":"<p>HALEP \u2013 Erdo\u011fan ve Al Saud rejimlerinin y\u00f6nlendirmeleriyle sivil vatanda\u015flara y\u00f6nelik sald\u0131r\u0131lar\u0131n\u0131 s\u00fcrd\u00fcren ve ter\u00f6re son verme ama\u00e7l\u0131 siyasi \u00e7abalar\u0131 baltalayan ter\u00f6r \u00f6rg\u00fctlerinin sald\u0131r\u0131rlar\u0131nda bug\u00fcn yine savunmas\u0131z sivil insanlar kurban gitti. Halep \u0130l Emniyet M\u00fcd\u00fcrl\u00fc\u011f\u00fcnde bir kaynak SANA\u2019ya a\u00e7\u0131klamas\u0131nda; Erdo\u011fan ve Al suud rejimlerine tabi ter\u00f6r \u00e7etelerinin bug\u00fcn erken saatlerde Halep Kentinin sivil yerle\u015fim alanlar\u0131ndan &hellip;<\/p>\n","protected":false},"author":1,"featured_media":74261,"comment_status":"closed","ping_status":"closed","sticky":false,"template":"","format":"standard","meta":{"footnotes":""},"categories":[479,575,17988,478],"tags":[21357],"class_list":["post-74260","post","type-post","status-publish","format-standard","has-post-thumbnail","","category-haberler-yerel","category-olaylar-ve-gercekler","category-son-haberler","category-yerel","tag-sivilleri-hedef-alan-hain-saldirilarda-yine-sehit-var"],"_links":{"self":[{"href":"https:\/\/archive.sana.sy\/tr\/index.php?rest_route=\/wp\/v2\/posts\/74260","targetHints":{"allow":["GET"]}}],"collection":[{"href":"https:\/\/archive.sana.sy\/tr\/index.php?rest_route=\/wp\/v2\/posts"}],"about":[{"href":"https:\/\/archive.sana.sy\/tr\/index.php?rest_route=\/wp\/v2\/types\/post"}],"author":[{"embeddable":true,"href":"https:\/\/archive.sana.sy\/tr\/index.php?rest_route=\/wp\/v2\/users\/1"}],"replies":[{"embeddable":true,"href":"https:\/\/archive.sana.sy\/tr\/index.php?rest_route=%2Fwp%2Fv2%2Fcomments&post=74260"}],"version-history":[{"count":0,"href":"https:\/\/archive.sana.sy\/tr\/index.php?rest_route=\/wp\/v2\/posts\/74260\/revisions"}],"wp:featuredmedia":[{"embeddable":true,"href":"https:\/\/archive.sana.sy\/tr\/index.php?rest_route=\/wp\/v2\/media\/74261"}],"wp:attachment":[{"href":"https:\/\/archive.sana.sy\/tr\/index.php?rest_route=%2Fwp%2Fv2%2Fmedia&parent=74260"}],"wp:term":[{"taxonomy":"category","embeddable":true,"href":"https:\/\/archive.sana.sy\/tr\/index.php?rest_route=%2Fwp%2Fv2%2Fcategories&post=74260"},{"taxonomy":"post_tag","embeddable":true,"href":"https:\/\/archive.sana.sy\/tr\/index.php?rest_route=%2Fwp%2Fv2%2Ftags&post=74260"}],"curies":[{"name":"wp","href":"https:\/\/api.w.org\/{rel}","templated":true}]}}