{"id":74278,"date":"2016-05-26T12:40:37","date_gmt":"2016-05-26T09:40:37","guid":{"rendered":"http:\/\/sana.sy\/tr\/?p=74278"},"modified":"2016-05-27T19:16:26","modified_gmt":"2016-05-27T16:16:26","slug":"isidin-vahsice-katledip-gomdugu-31-vatandasin-toplu-mezari-bulundu","status":"publish","type":"post","link":"https:\/\/archive.sana.sy\/tr\/?p=74278","title":{"rendered":"I\u015e\u0130D\u2019in Vah\u015fice Katledip G\u00f6md\u00fc\u011f\u00fc 31 Vatanda\u015f\u0131n Toplu Mezar\u0131 Bulundu"},"content":{"rendered":"<p>HOMS \u2013 Ordu birliklerimiz Homs k\u0131rsal\u0131n\u0131n do\u011fusu Tedmur Kentinin I\u015e\u0130D\u2019ten kurtar\u0131lmas\u0131 operasyonlar\u0131na kat\u0131lan Halk Savunma G\u00fc\u00e7leri ile i\u015fbirli\u011fi i\u00e7inde bulundu\u011fu arama tarama operasyonlar\u0131 s\u0131ras\u0131nda Tedmur Havaliman\u0131 yak\u0131nlar\u0131nda I\u015e\u0130D taraf\u0131ndan vah\u015fice katledilen onlarca sivil vatanda\u015f\u0131n cesedinin bulundu\u011fu toplu bir mezar buldu.<\/p>\n<p>Tedmur Kentinde bir saha kayna\u011f\u0131 SANA\u2019ya a\u00e7\u0131klamas\u0131nda; arama tarama operasyonlar\u0131 s\u0131ras\u0131nda Tedmur Havaliman\u0131n\u0131n g\u00fcneybat\u0131s\u0131nda bulunan toplu mezarda aralar\u0131nda 2 \u00e7ocuk ve 1 kad\u0131na ait toplam 31 vatanda\u015f\u0131n cesedi bulundu\u011funu a\u00e7\u0131klad\u0131. Kaynak daha \u00f6nce I\u015e\u0130D taraf\u0131ndan katledilen bu masum sivil vatanda\u015flar\u0131n cesetlerinde i\u015fkence ve tenkil izlerinin bariz oldu\u011funa dikkat \u00e7ekerken bir k\u0131sm\u0131n\u0131n kafalar\u0131n\u0131n kesilmi\u015f oldu\u011funu ifade etti.<\/p>\n<p>Halk Savunma G\u00fc\u00e7leri daha \u00f6nce Tedmur Kentinin kuzeydo\u011fu kenarlar\u0131nda aralar\u0131nda \u00e7ocuk ve kad\u0131nlar\u0131n bulundu\u011fu 40 vatanda\u015fa ait cesedin bulundu\u011fu bir toplu mezar ortaya \u00e7\u0131karm\u0131\u015flard\u0131.<\/p>\n<p>R.H.<\/p>\n","protected":false},"excerpt":{"rendered":"<p>HOMS \u2013 Ordu birliklerimiz Homs k\u0131rsal\u0131n\u0131n do\u011fusu Tedmur Kentinin I\u015e\u0130D\u2019ten kurtar\u0131lmas\u0131 operasyonlar\u0131na kat\u0131lan Halk Savunma G\u00fc\u00e7leri ile i\u015fbirli\u011fi i\u00e7inde bulundu\u011fu arama tarama operasyonlar\u0131 s\u0131ras\u0131nda Tedmur Havaliman\u0131 yak\u0131nlar\u0131nda I\u015e\u0130D taraf\u0131ndan vah\u015fice katledilen onlarca sivil vatanda\u015f\u0131n cesedinin bulundu\u011fu toplu bir mezar buldu. Tedmur Kentinde bir saha kayna\u011f\u0131 SANA\u2019ya a\u00e7\u0131klamas\u0131nda; arama tarama operasyonlar\u0131 s\u0131ras\u0131nda Tedmur Havaliman\u0131n\u0131n g\u00fcneybat\u0131s\u0131nda bulunan &hellip;<\/p>\n","protected":false},"author":1,"featured_media":74279,"comment_status":"closed","ping_status":"closed","sticky":false,"template":"","format":"standard","meta":{"footnotes":""},"categories":[479,575,478],"tags":[21363],"class_list":["post-74278","post","type-post","status-publish","format-standard","has-post-thumbnail","","category-haberler-yerel","category-olaylar-ve-gercekler","category-yerel","tag-isidin-vahsice-katledip-gomdugu-31-vatandasin-toplu-mezari-bulundu"],"_links":{"self":[{"href":"https:\/\/archive.sana.sy\/tr\/index.php?rest_route=\/wp\/v2\/posts\/74278","targetHints":{"allow":["GET"]}}],"collection":[{"href":"https:\/\/archive.sana.sy\/tr\/index.php?rest_route=\/wp\/v2\/posts"}],"about":[{"href":"https:\/\/archive.sana.sy\/tr\/index.php?rest_route=\/wp\/v2\/types\/post"}],"author":[{"embeddable":true,"href":"https:\/\/archive.sana.sy\/tr\/index.php?rest_route=\/wp\/v2\/users\/1"}],"replies":[{"embeddable":true,"href":"https:\/\/archive.sana.sy\/tr\/index.php?rest_route=%2Fwp%2Fv2%2Fcomments&post=74278"}],"version-history":[{"count":0,"href":"https:\/\/archive.sana.sy\/tr\/index.php?rest_route=\/wp\/v2\/posts\/74278\/revisions"}],"wp:featuredmedia":[{"embeddable":true,"href":"https:\/\/archive.sana.sy\/tr\/index.php?rest_route=\/wp\/v2\/media\/74279"}],"wp:attachment":[{"href":"https:\/\/archive.sana.sy\/tr\/index.php?rest_route=%2Fwp%2Fv2%2Fmedia&parent=74278"}],"wp:term":[{"taxonomy":"category","embeddable":true,"href":"https:\/\/archive.sana.sy\/tr\/index.php?rest_route=%2Fwp%2Fv2%2Fcategories&post=74278"},{"taxonomy":"post_tag","embeddable":true,"href":"https:\/\/archive.sana.sy\/tr\/index.php?rest_route=%2Fwp%2Fv2%2Ftags&post=74278"}],"curies":[{"name":"wp","href":"https:\/\/api.w.org\/{rel}","templated":true}]}}