{"id":74323,"date":"2016-05-26T16:45:27","date_gmt":"2016-05-26T13:45:27","guid":{"rendered":"http:\/\/www.sana.sy\/tr\/?p=74323"},"modified":"2016-05-27T19:16:00","modified_gmt":"2016-05-27T16:16:00","slug":"tekfirci-teroristler-arac-ve-mevkileriyle-birlikte-etkisizlestiriliyor","status":"publish","type":"post","link":"https:\/\/archive.sana.sy\/tr\/?p=74323","title":{"rendered":"Tekfirci Ter\u00f6ristler Ara\u00e7 ve Mevkileriyle Birlikte Etkisizle\u015ftiriliyor"},"content":{"rendered":"<p>\u0130LLER \u2013 Ordu birliklerimiz I\u015e\u0130D, Nusra Cephesi ve Kaide \u00d6rg\u00fct\u00fc tabanl\u0131 di\u011fer ter\u00f6r \u00f6rg\u00fctlere kar\u015f\u0131 operasyonlar\u0131n\u0131 s\u00fcrd\u00fcrerek \u00e7ok say\u0131da ara\u00e7 ve mevkii ihtiva ettikleri ter\u00f6rist ve cephaneyle birlikte etkisiz hale getirdi.<\/p>\n<p><span style=\"color: #0000ff\">S\u00dcVEYDA:<\/span><\/p>\n<p>Askeri bir kaynak SANA\u2019ya a\u00e7\u0131klamas\u0131nda ordu birliklerimizin S\u00fcveyda k\u0131rsal\u0131n\u0131n kuzeydo\u011fusunda I\u015e\u0130D\u2019in hareket ve karargahlar\u0131na y\u00f6nelik devam eden operasyonlarda en az\u0131ndan 4 arac\u0131n imha edildi\u011fini ve \u00e7ok say\u0131da tekfircinin \u00f6l\u00fc yaral\u0131 d\u00fc\u015f\u00fcr\u00fcld\u00fc\u011f\u00fcn\u00fc belirtti.<\/p>\n<p><span style=\"color: #0000ff\">HOMS:<\/span><\/p>\n<p>Hava g\u00fc\u00e7lerimizin Homs k\u0131rsal\u0131n\u0131n do\u011fusu \u015eair ve Cezl petrol sahalar\u0131 civarlar\u0131na ek olarak Gacar K\u00f6y\u00fcnde I\u015e\u0130D\u2019in bir\u00e7ok ara\u00e7 konvoyu ve mevkilerini imha ettiklerini belirten askeri kaynak SANA\u2019ya a\u00e7\u0131klamas\u0131nda hava operasyonlar\u0131nda bir k\u0131sm\u0131 a\u011f\u0131r silahlarla donat\u0131lm\u0131\u015f ara\u00e7larla birlikte onlarca tekfircinin imha edildi\u011fini aktard\u0131.<\/p>\n<p><span style=\"color: #0000ff\">DEYREZZOR:<\/span><\/p>\n<p>Deyrezzor\u2019da askeri bir kaynak SANA\u2019ya a\u00e7\u0131klamas\u0131nda hava g\u00fc\u00e7lerimizin Deyrezzor\u2019un Panorama B\u00f6lgesi civar\u0131na ek olarak k\u0131rsal\u0131n Tel Brok ve Serda Da\u011f\u0131 b\u00f6lgelerinde I\u015e\u0130D\u2019li \u00e7ok say\u0131da tekfirciyi ara\u00e7 ve cephaneleriyle birlikte imha ettiklerini s\u00f6yledi.<\/p>\n","protected":false},"excerpt":{"rendered":"<p>\u0130LLER \u2013 Ordu birliklerimiz I\u015e\u0130D, Nusra Cephesi ve Kaide \u00d6rg\u00fct\u00fc tabanl\u0131 di\u011fer ter\u00f6r \u00f6rg\u00fctlere kar\u015f\u0131 operasyonlar\u0131n\u0131 s\u00fcrd\u00fcrerek \u00e7ok say\u0131da ara\u00e7 ve mevkii ihtiva ettikleri ter\u00f6rist ve cephaneyle birlikte etkisiz hale getirdi. S\u00dcVEYDA: Askeri bir kaynak SANA\u2019ya a\u00e7\u0131klamas\u0131nda ordu birliklerimizin S\u00fcveyda k\u0131rsal\u0131n\u0131n kuzeydo\u011fusunda I\u015e\u0130D\u2019in hareket ve karargahlar\u0131na y\u00f6nelik devam eden operasyonlarda en az\u0131ndan 4 arac\u0131n imha &hellip;<\/p>\n","protected":false},"author":1,"featured_media":74338,"comment_status":"closed","ping_status":"closed","sticky":false,"template":"","format":"standard","meta":{"footnotes":""},"categories":[575],"tags":[3464,18365,18237,18576,2318,15945,18347,18674,11549,2442],"class_list":["post-74323","post","type-post","status-publish","format-standard","has-post-thumbnail","","category-olaylar-ve-gercekler","tag-nusra-cephesi","tag-ahrar-el-sam","tag-cihatcilar","tag-daes","tag-isid","tag-ilimli-muhalifler","tag-oso","tag-silahli-muhalifler","tag-suriye-ordusu","tag-teror"],"_links":{"self":[{"href":"https:\/\/archive.sana.sy\/tr\/index.php?rest_route=\/wp\/v2\/posts\/74323","targetHints":{"allow":["GET"]}}],"collection":[{"href":"https:\/\/archive.sana.sy\/tr\/index.php?rest_route=\/wp\/v2\/posts"}],"about":[{"href":"https:\/\/archive.sana.sy\/tr\/index.php?rest_route=\/wp\/v2\/types\/post"}],"author":[{"embeddable":true,"href":"https:\/\/archive.sana.sy\/tr\/index.php?rest_route=\/wp\/v2\/users\/1"}],"replies":[{"embeddable":true,"href":"https:\/\/archive.sana.sy\/tr\/index.php?rest_route=%2Fwp%2Fv2%2Fcomments&post=74323"}],"version-history":[{"count":0,"href":"https:\/\/archive.sana.sy\/tr\/index.php?rest_route=\/wp\/v2\/posts\/74323\/revisions"}],"wp:featuredmedia":[{"embeddable":true,"href":"https:\/\/archive.sana.sy\/tr\/index.php?rest_route=\/wp\/v2\/media\/74338"}],"wp:attachment":[{"href":"https:\/\/archive.sana.sy\/tr\/index.php?rest_route=%2Fwp%2Fv2%2Fmedia&parent=74323"}],"wp:term":[{"taxonomy":"category","embeddable":true,"href":"https:\/\/archive.sana.sy\/tr\/index.php?rest_route=%2Fwp%2Fv2%2Fcategories&post=74323"},{"taxonomy":"post_tag","embeddable":true,"href":"https:\/\/archive.sana.sy\/tr\/index.php?rest_route=%2Fwp%2Fv2%2Ftags&post=74323"}],"curies":[{"name":"wp","href":"https:\/\/api.w.org\/{rel}","templated":true}]}}