{"id":7435,"date":"2014-08-16T14:08:57","date_gmt":"2014-08-16T11:08:57","guid":{"rendered":"http:\/\/www.sana.sy\/tr\/?p=7435"},"modified":"2014-08-16T14:15:26","modified_gmt":"2014-08-16T11:15:26","slug":"nomova-suriyede-guven-ve-istikrarin-saglanmasi-ile-krizi-asmasini-umut-ediyoruz","status":"publish","type":"post","link":"https:\/\/archive.sana.sy\/tr\/?p=7435","title":{"rendered":"Naumova: Suriye\u2019de G\u00fcven ve \u0130stikrar\u0131n Sa\u011flanmas\u0131 ile Krizi A\u015fmas\u0131n\u0131 Umut Ediyoruz"},"content":{"rendered":"<p>MOSKOVA \u2013 Halterde Rusyal\u0131 d\u00fcnya \u015fampiyonu 15 ya\u015f\u0131ndaki Maryana Naumova, ter\u00f6rle m\u00fccadelede Suriye halk\u0131n\u0131n direni\u015fini takdiren Suriye\u2019yi tan\u0131mak ve halk\u0131yla ileti\u015fimde bulunmak i\u00e7in Suriye\u2019yi ziyaret etmek istedi\u011fini s\u00f6yledi.<\/p>\n<p>\u015eampiyon Naumova SANA\u2019ya a\u00e7\u0131klamas\u0131nda, sporun sa\u011fl\u0131k ve ya\u015famdaki rol\u00fcn\u00fcn \u00f6nemini belirtmek i\u00e7in Suriyeli \u00f6\u011frencileri okullar\u0131nda ziyaret etmek istedi\u011fini s\u00f6yleyerek, toplumun bu kesitine b\u00fcy\u00fck \u00f6nem g\u00f6sterilmesi gerekti\u011fini \u00e7\u00fcnk\u00fc gelecekte vatan\u0131 savunan askerleri olacaklar\u0131n\u0131 belirtti.<\/p>\n<p>Naumova, bu ziyareti b\u00fcy\u00fck bir \u015fevkle bekledi\u011fini \u00e7\u00fcnk\u00fc bu \u00fclke hakk\u0131ndaki ger\u00e7ekleri toplama ve yerinde g\u00f6rme olana\u011f\u0131 tan\u0131yaca\u011f\u0131n\u0131 ve i\u00e7inde cereyan eden ger\u00e7ekleri yans\u0131tmaya kadir oldu\u011funu ifade ederek Suriye\u2019nin en k\u0131sa zamanda bu krizi a\u015farak g\u00fcven ve istikrara kavu\u015fmas\u0131n\u0131 diledi\u011fini vurgulad\u0131.<img loading=\"lazy\" decoding=\"async\" class=\"alignright size-full wp-image-7436\" src=\"http:\/\/www.sana.sy\/tr\/wp-content\/uploads\/2014\/08\/NOMOVA-1.jpg\" alt=\"NOMOVA 1\" width=\"250\" height=\"203\" srcset=\"https:\/\/archive.sana.sy\/tr\/wp-content\/uploads\/2014\/08\/NOMOVA-1.jpg 250w, https:\/\/archive.sana.sy\/tr\/wp-content\/uploads\/2014\/08\/NOMOVA-1-150x121.jpg 150w\" sizes=\"auto, (max-width: 250px) 100vw, 250px\" \/><\/p>\n<p>Dedesinin asker oldu\u011funu s\u00f6yleyen Naumova, Rusya ve Suriye aras\u0131ndaki derin tarihi dostluk ili\u015fkileri hakk\u0131nda \u00e7ok \u015feyler anlatt\u0131\u011f\u0131n\u0131 bu y\u00fczden kendisinin bug\u00fcn, Suriye halk\u0131yla dayan\u0131\u015fmas\u0131n\u0131 belirtti\u011fini ve onu teyit etti\u011fini ifade etti.<\/p>\n<p>3 defa halter d\u00fcnya \u015fampiyonlu\u011fu, d\u00fcnyan\u0131n en g\u00fc\u00e7l\u00fc k\u0131z\u0131 unvan\u0131na sahip olan Naumova, 2014 So\u00e7i Olimpiyatlar\u0131nda olimpiyat me\u015falesini ta\u015f\u0131m\u0131\u015ft\u0131.<\/p>\n<p>Suriye\u2019nin Moskova B\u00fcy\u00fckel\u00e7isi Riyad Haddad ile yapt\u0131\u011f\u0131m\u0131z telefon g\u00f6r\u00fc\u015fmesinde, Suriye B\u00fcy\u00fckel\u00e7ili\u011finin \u015f\u015fimpiyon Naumova\u2019n\u0131n planl\u0131 program gere\u011fince Suriye\u2019yi ziyareti i\u00e7in D\u0131\u015fi\u015fleri ve Spor Genel Birli\u011fi ile koordinasyon i\u00e7erisinde olduklar\u0131n\u0131 s\u00f6yledi.<\/p>\n","protected":false},"excerpt":{"rendered":"<p>MOSKOVA \u2013 Halterde Rusyal\u0131 d\u00fcnya \u015fampiyonu 15 ya\u015f\u0131ndaki Maryana Naumova, ter\u00f6rle m\u00fccadelede Suriye halk\u0131n\u0131n direni\u015fini takdiren Suriye\u2019yi tan\u0131mak ve halk\u0131yla ileti\u015fimde bulunmak i\u00e7in Suriye\u2019yi ziyaret etmek istedi\u011fini s\u00f6yledi. \u015eampiyon Naumova SANA\u2019ya a\u00e7\u0131klamas\u0131nda, sporun sa\u011fl\u0131k ve ya\u015famdaki rol\u00fcn\u00fcn \u00f6nemini belirtmek i\u00e7in Suriyeli \u00f6\u011frencileri okullar\u0131nda ziyaret etmek istedi\u011fini s\u00f6yleyerek, toplumun bu kesitine b\u00fcy\u00fck \u00f6nem g\u00f6sterilmesi gerekti\u011fini \u00e7\u00fcnk\u00fc &hellip;<\/p>\n","protected":false},"author":1,"featured_media":7437,"comment_status":"closed","ping_status":"closed","sticky":false,"template":"","format":"standard","meta":{"footnotes":""},"categories":[496,584],"tags":[1660],"class_list":["post-7435","post","type-post","status-publish","format-standard","has-post-thumbnail","","category-spor","category-yurtdisinda-sana-ofisleri","tag-nomova-suriyede-guven-ve-istikrarin-saglanmasi-ile-krizi-asmasini-umut-ediyoruz"],"_links":{"self":[{"href":"https:\/\/archive.sana.sy\/tr\/index.php?rest_route=\/wp\/v2\/posts\/7435","targetHints":{"allow":["GET"]}}],"collection":[{"href":"https:\/\/archive.sana.sy\/tr\/index.php?rest_route=\/wp\/v2\/posts"}],"about":[{"href":"https:\/\/archive.sana.sy\/tr\/index.php?rest_route=\/wp\/v2\/types\/post"}],"author":[{"embeddable":true,"href":"https:\/\/archive.sana.sy\/tr\/index.php?rest_route=\/wp\/v2\/users\/1"}],"replies":[{"embeddable":true,"href":"https:\/\/archive.sana.sy\/tr\/index.php?rest_route=%2Fwp%2Fv2%2Fcomments&post=7435"}],"version-history":[{"count":0,"href":"https:\/\/archive.sana.sy\/tr\/index.php?rest_route=\/wp\/v2\/posts\/7435\/revisions"}],"wp:featuredmedia":[{"embeddable":true,"href":"https:\/\/archive.sana.sy\/tr\/index.php?rest_route=\/wp\/v2\/media\/7437"}],"wp:attachment":[{"href":"https:\/\/archive.sana.sy\/tr\/index.php?rest_route=%2Fwp%2Fv2%2Fmedia&parent=7435"}],"wp:term":[{"taxonomy":"category","embeddable":true,"href":"https:\/\/archive.sana.sy\/tr\/index.php?rest_route=%2Fwp%2Fv2%2Fcategories&post=7435"},{"taxonomy":"post_tag","embeddable":true,"href":"https:\/\/archive.sana.sy\/tr\/index.php?rest_route=%2Fwp%2Fv2%2Ftags&post=7435"}],"curies":[{"name":"wp","href":"https:\/\/api.w.org\/{rel}","templated":true}]}}