{"id":74369,"date":"2016-05-27T11:30:59","date_gmt":"2016-05-27T08:30:59","guid":{"rendered":"http:\/\/www.sana.sy\/tr\/?p=74369"},"modified":"2016-05-27T12:12:46","modified_gmt":"2016-05-27T09:12:46","slug":"suveydada-hizmetsel-ve-kalkinsal-projelerin-temel-tasini-atti-2","status":"publish","type":"post","link":"https:\/\/archive.sana.sy\/tr\/?p=74369","title":{"rendered":"S\u00fcveyda\u2019da Hizmetsel ve Kalk\u0131nsal Projelerin Temel Ta\u015f\u0131n\u0131 Att\u0131"},"content":{"rendered":"<p>Ba\u015fbakan Vail el Halaki, Cumhurba\u015fkan\u0131 Be\u015f\u015far el Esad\u2019\u0131n y\u00f6nlendirmeleri do\u011frultusunda bug\u00fcn S\u00fcveyda \u0130linin muhtelif b\u00f6lgelerinde 4 milyar lira maliyetinde muhtelif t\u00fcr hizmetsel ve kalk\u0131nsal projelerin temel ta\u015f\u0131n\u0131 atarken, tamamlanm\u0131\u015f bir k\u0131s\u0131m projeleri de hizmete a\u00e7t\u0131<\/p>\n<p>https:\/\/youtu.be\/5OtW8s7rwBQ<\/p>\n<p>R.H.<\/p>\n","protected":false},"excerpt":{"rendered":"<p>Ba\u015fbakan Vail el Halaki, Cumhurba\u015fkan\u0131 Be\u015f\u015far el Esad\u2019\u0131n y\u00f6nlendirmeleri do\u011frultusunda bug\u00fcn S\u00fcveyda \u0130linin muhtelif b\u00f6lgelerinde 4 milyar lira maliyetinde muhtelif t\u00fcr hizmetsel ve kalk\u0131nsal projelerin temel ta\u015f\u0131n\u0131 atarken, tamamlanm\u0131\u015f bir k\u0131s\u0131m projeleri de hizmete a\u00e7t\u0131 https:\/\/youtu.be\/5OtW8s7rwBQ R.H.<\/p>\n","protected":false},"author":1,"featured_media":74380,"comment_status":"closed","ping_status":"closed","sticky":false,"template":"","format":"standard","meta":{"footnotes":""},"categories":[18295],"tags":[21382],"class_list":["post-74369","post","type-post","status-publish","format-standard","has-post-thumbnail","","category-sana-video","tag-suveydada-hizmetsel-ve-kalkinsal-projelerin-temel-tasini-atti"],"_links":{"self":[{"href":"https:\/\/archive.sana.sy\/tr\/index.php?rest_route=\/wp\/v2\/posts\/74369","targetHints":{"allow":["GET"]}}],"collection":[{"href":"https:\/\/archive.sana.sy\/tr\/index.php?rest_route=\/wp\/v2\/posts"}],"about":[{"href":"https:\/\/archive.sana.sy\/tr\/index.php?rest_route=\/wp\/v2\/types\/post"}],"author":[{"embeddable":true,"href":"https:\/\/archive.sana.sy\/tr\/index.php?rest_route=\/wp\/v2\/users\/1"}],"replies":[{"embeddable":true,"href":"https:\/\/archive.sana.sy\/tr\/index.php?rest_route=%2Fwp%2Fv2%2Fcomments&post=74369"}],"version-history":[{"count":0,"href":"https:\/\/archive.sana.sy\/tr\/index.php?rest_route=\/wp\/v2\/posts\/74369\/revisions"}],"wp:featuredmedia":[{"embeddable":true,"href":"https:\/\/archive.sana.sy\/tr\/index.php?rest_route=\/wp\/v2\/media\/74380"}],"wp:attachment":[{"href":"https:\/\/archive.sana.sy\/tr\/index.php?rest_route=%2Fwp%2Fv2%2Fmedia&parent=74369"}],"wp:term":[{"taxonomy":"category","embeddable":true,"href":"https:\/\/archive.sana.sy\/tr\/index.php?rest_route=%2Fwp%2Fv2%2Fcategories&post=74369"},{"taxonomy":"post_tag","embeddable":true,"href":"https:\/\/archive.sana.sy\/tr\/index.php?rest_route=%2Fwp%2Fv2%2Ftags&post=74369"}],"curies":[{"name":"wp","href":"https:\/\/api.w.org\/{rel}","templated":true}]}}