{"id":74392,"date":"2016-05-27T19:15:50","date_gmt":"2016-05-27T16:15:50","guid":{"rendered":"http:\/\/sana.sy\/tr\/?p=74392"},"modified":"2016-05-29T10:23:32","modified_gmt":"2016-05-29T07:23:32","slug":"aileler-evlerine-donuyor","status":"publish","type":"post","link":"https:\/\/archive.sana.sy\/tr\/?p=74392","title":{"rendered":"Aileler Evlerine D\u00f6n\u00fcyor (video)"},"content":{"rendered":"<p>\u015eAM KIRSALI \u2013 Ordu birliklerimizin \u015eam k\u0131rsal\u0131n\u0131n Do\u011fu \u011euta B\u00f6lgesinin g\u00fcney b\u00f6l\u00fcmlerinde bir dizi k\u00f6y ve beldeyi ter\u00f6rden temizlemeleri ard\u0131ndan ter\u00f6ristlerin sabote ettikleri hizmet \u015febekelerini onarma \u00e7al\u0131\u015fmalar\u0131 yo\u011fun bir \u015fekilde devam ederken onlarca aile bug\u00fcn evlerine d\u00f6nmeye ba\u015flad\u0131.<\/p>\n<p>Suriyelilerin Suriye ordusundan de\u011fil de, kimi devletlerin destekledikleri ter\u00f6r \u00e7etelerinin vah\u015fetinden ka\u00e7t\u0131klar\u0131na yeni bir kan\u0131tla kitleler halinde kad\u0131nlar\u0131 ve \u00e7ocuklar\u0131yla birlikte evlerine d\u00f6nen vatanda\u015flar; can ve mal g\u00fcvenliklerini temin eden kahraman Suriye ordusuna te\u015fekk\u00fcr ve minnettarl\u0131klar\u0131n\u0131 ifade etti.<\/p>\n<p>\u015eam \u00c7evre Kent Vali Yard\u0131mc\u0131s\u0131 Ratib Ades; ordu birliklerimizin ter\u00f6rden temizledi\u011fi belde ve k\u00f6ylerde ya\u015fam\u0131n yeniden normale d\u00f6nmeye ba\u015flad\u0131\u011f\u0131n\u0131 belirtirken ar\u0131za onarma ekiplerinin hizmet \u015febekelerini onarma \u00e7al\u0131\u015fmalar\u0131n\u0131 s\u00fcrd\u00fcrd\u00fcklerini ifade etti.<\/p>\n<p>https:\/\/www.youtube.com\/watch?v=wrFXJgDyFzU<\/p>\n","protected":false},"excerpt":{"rendered":"<p>\u015eAM KIRSALI \u2013 Ordu birliklerimizin \u015eam k\u0131rsal\u0131n\u0131n Do\u011fu \u011euta B\u00f6lgesinin g\u00fcney b\u00f6l\u00fcmlerinde bir dizi k\u00f6y ve beldeyi ter\u00f6rden temizlemeleri ard\u0131ndan ter\u00f6ristlerin sabote ettikleri hizmet \u015febekelerini onarma \u00e7al\u0131\u015fmalar\u0131 yo\u011fun bir \u015fekilde devam ederken onlarca aile bug\u00fcn evlerine d\u00f6nmeye ba\u015flad\u0131. Suriyelilerin Suriye ordusundan de\u011fil de, kimi devletlerin destekledikleri ter\u00f6r \u00e7etelerinin vah\u015fetinden ka\u00e7t\u0131klar\u0131na yeni bir kan\u0131tla kitleler halinde &hellip;<\/p>\n","protected":false},"author":1,"featured_media":74393,"comment_status":"closed","ping_status":"closed","sticky":false,"template":"","format":"standard","meta":{"footnotes":""},"categories":[479,575,17988,478],"tags":[19871,21389,21388],"class_list":["post-74392","post","type-post","status-publish","format-standard","has-post-thumbnail","","category-haberler-yerel","category-olaylar-ve-gercekler","category-son-haberler","category-yerel","tag-aileler-evlerine-donuyor","tag-dogu-guta-bolgesi","tag-sam-cevre-kent-vali-yardimcisi-ratib-ades"],"_links":{"self":[{"href":"https:\/\/archive.sana.sy\/tr\/index.php?rest_route=\/wp\/v2\/posts\/74392","targetHints":{"allow":["GET"]}}],"collection":[{"href":"https:\/\/archive.sana.sy\/tr\/index.php?rest_route=\/wp\/v2\/posts"}],"about":[{"href":"https:\/\/archive.sana.sy\/tr\/index.php?rest_route=\/wp\/v2\/types\/post"}],"author":[{"embeddable":true,"href":"https:\/\/archive.sana.sy\/tr\/index.php?rest_route=\/wp\/v2\/users\/1"}],"replies":[{"embeddable":true,"href":"https:\/\/archive.sana.sy\/tr\/index.php?rest_route=%2Fwp%2Fv2%2Fcomments&post=74392"}],"version-history":[{"count":0,"href":"https:\/\/archive.sana.sy\/tr\/index.php?rest_route=\/wp\/v2\/posts\/74392\/revisions"}],"wp:featuredmedia":[{"embeddable":true,"href":"https:\/\/archive.sana.sy\/tr\/index.php?rest_route=\/wp\/v2\/media\/74393"}],"wp:attachment":[{"href":"https:\/\/archive.sana.sy\/tr\/index.php?rest_route=%2Fwp%2Fv2%2Fmedia&parent=74392"}],"wp:term":[{"taxonomy":"category","embeddable":true,"href":"https:\/\/archive.sana.sy\/tr\/index.php?rest_route=%2Fwp%2Fv2%2Fcategories&post=74392"},{"taxonomy":"post_tag","embeddable":true,"href":"https:\/\/archive.sana.sy\/tr\/index.php?rest_route=%2Fwp%2Fv2%2Ftags&post=74392"}],"curies":[{"name":"wp","href":"https:\/\/api.w.org\/{rel}","templated":true}]}}