{"id":74396,"date":"2016-05-27T19:00:19","date_gmt":"2016-05-27T16:00:19","guid":{"rendered":"http:\/\/sana.sy\/tr\/?p=74396"},"modified":"2016-05-29T10:23:23","modified_gmt":"2016-05-29T07:23:23","slug":"gelisiguzel-saldirilarda-yasli-bir-kadin-sehit-oldu","status":"publish","type":"post","link":"https:\/\/archive.sana.sy\/tr\/?p=74396","title":{"rendered":"Geli\u015fig\u00fczel Sald\u0131r\u0131larda Ya\u015fl\u0131 Bir Kad\u0131n \u015eehit Oldu"},"content":{"rendered":"<p>HALEP \u2013 Erdo\u011fan ve AL Suud rejimlerinin y\u00f6nlendirmeleri ve s\u0131n\u0131rs\u0131z deste\u011fi ile hareket eden ter\u00f6r \u00e7eteleri bug\u00fcn de sivillere y\u00f6nelik sald\u0131r\u0131lar\u0131n\u0131 s\u00fcrd\u00fcrd\u00fc.<\/p>\n<p>Halep \u0130l Emniyet M\u00fcd\u00fcrl\u00fc\u011f\u00fcnde yetkili bir kaynak SANA\u2019ya a\u00e7\u0131klamas\u0131nda; Erdo\u011fan ve Al Suud ter\u00f6r \u00e7etelerinin Halep Kentinin sivil yerle\u015fim alanlar\u0131ndan Meydan Semtini 10\u2019dan fala f\u00fczeyle geli\u015fig\u00fczel olarak hedef ald\u0131klar\u0131n\u0131 belirtti.<\/p>\n<p>Kaynak gaddar geli\u015fig\u00fczel sald\u0131r\u0131larda ya\u015fl\u0131 bir kad\u0131n\u0131n \u015fehit d\u00fc\u015ft\u00fc\u011f\u00fcn\u00fc ve 10 vatanda\u015f\u0131n yaraland\u0131\u011f\u0131n\u0131 aktar\u0131rken, semt bulunan bir ya\u015fl\u0131 huzur evinin yan\u0131 s\u0131ra ev ve i\u015fyerlerinde ciddi hasarlar\u0131n olu\u015ftu\u011funu s\u00f6zlerine ekledi.<\/p>\n","protected":false},"excerpt":{"rendered":"<p>HALEP \u2013 Erdo\u011fan ve AL Suud rejimlerinin y\u00f6nlendirmeleri ve s\u0131n\u0131rs\u0131z deste\u011fi ile hareket eden ter\u00f6r \u00e7eteleri bug\u00fcn de sivillere y\u00f6nelik sald\u0131r\u0131lar\u0131n\u0131 s\u00fcrd\u00fcrd\u00fc. Halep \u0130l Emniyet M\u00fcd\u00fcrl\u00fc\u011f\u00fcnde yetkili bir kaynak SANA\u2019ya a\u00e7\u0131klamas\u0131nda; Erdo\u011fan ve Al Suud ter\u00f6r \u00e7etelerinin Halep Kentinin sivil yerle\u015fim alanlar\u0131ndan Meydan Semtini 10\u2019dan fala f\u00fczeyle geli\u015fig\u00fczel olarak hedef ald\u0131klar\u0131n\u0131 belirtti. Kaynak gaddar geli\u015fig\u00fczel &hellip;<\/p>\n","protected":false},"author":1,"featured_media":74397,"comment_status":"closed","ping_status":"closed","sticky":false,"template":"","format":"standard","meta":{"footnotes":""},"categories":[575,17988],"tags":[21392,21390,21391],"class_list":["post-74396","post","type-post","status-publish","format-standard","has-post-thumbnail","","category-olaylar-ve-gercekler","category-son-haberler","tag-gaddar-gelisiguzel-saldirilar","tag-gelisiguzel-saldirilarda-yasli-bir-kadin-sehit-oldu","tag-teror-ceteleri-bugun-de-sivillere-yonelik-saldirilari"],"_links":{"self":[{"href":"https:\/\/archive.sana.sy\/tr\/index.php?rest_route=\/wp\/v2\/posts\/74396","targetHints":{"allow":["GET"]}}],"collection":[{"href":"https:\/\/archive.sana.sy\/tr\/index.php?rest_route=\/wp\/v2\/posts"}],"about":[{"href":"https:\/\/archive.sana.sy\/tr\/index.php?rest_route=\/wp\/v2\/types\/post"}],"author":[{"embeddable":true,"href":"https:\/\/archive.sana.sy\/tr\/index.php?rest_route=\/wp\/v2\/users\/1"}],"replies":[{"embeddable":true,"href":"https:\/\/archive.sana.sy\/tr\/index.php?rest_route=%2Fwp%2Fv2%2Fcomments&post=74396"}],"version-history":[{"count":0,"href":"https:\/\/archive.sana.sy\/tr\/index.php?rest_route=\/wp\/v2\/posts\/74396\/revisions"}],"wp:featuredmedia":[{"embeddable":true,"href":"https:\/\/archive.sana.sy\/tr\/index.php?rest_route=\/wp\/v2\/media\/74397"}],"wp:attachment":[{"href":"https:\/\/archive.sana.sy\/tr\/index.php?rest_route=%2Fwp%2Fv2%2Fmedia&parent=74396"}],"wp:term":[{"taxonomy":"category","embeddable":true,"href":"https:\/\/archive.sana.sy\/tr\/index.php?rest_route=%2Fwp%2Fv2%2Fcategories&post=74396"},{"taxonomy":"post_tag","embeddable":true,"href":"https:\/\/archive.sana.sy\/tr\/index.php?rest_route=%2Fwp%2Fv2%2Ftags&post=74396"}],"curies":[{"name":"wp","href":"https:\/\/api.w.org\/{rel}","templated":true}]}}