{"id":7440,"date":"2014-08-16T14:18:22","date_gmt":"2014-08-16T11:18:22","guid":{"rendered":"http:\/\/www.sana.sy\/tr\/?p=7440"},"modified":"2014-08-16T14:18:22","modified_gmt":"2014-08-16T11:18:22","slug":"masum-almanya-disisleri-bakani-ile-terorle-mucadeleyi-gorustu","status":"publish","type":"post","link":"https:\/\/archive.sana.sy\/tr\/?p=7440","title":{"rendered":"Masum Almanya D\u0131\u015fi\u015fleri Bakan\u0131 ile Ter\u00f6rle M\u00fccadeleyi G\u00f6r\u00fc\u015ft\u00fc"},"content":{"rendered":"<p>BA\u011eDAT \u2013 Irak Ba\u015fkan\u0131 Fuat Masum; ter\u00f6r\u00fcn sadece Irak\u2019a de\u011fil t\u00fcm b\u00f6lgeye b\u00fcy\u00fck bir tehlike te\u015fkil etmesi itibar\u0131yla bu ter\u00f6r\u00fc bertaraf etme ve yay\u0131lmas\u0131n\u0131 \u00f6nlemede uluslar aras\u0131 toplumun \u00e7abalar\u0131n\u0131 yo\u011funla\u015ft\u0131rma ve birle\u015ftirme gere\u011fini vurgulad\u0131.<\/p>\n<p>Irak Ba\u015fkanl\u0131\u011f\u0131 bug\u00fcn yay\u0131nlad\u0131\u011f\u0131 ve SANA\u2019n\u0131n bir n\u00fcshas\u0131n\u0131 ald\u0131\u011f\u0131 beyan\u0131nda Irak Ba\u015fkan\u0131 Masum Almanya D\u0131\u015fi\u015fleri Bakan\u0131 Frank Walter Steinmeier ile Ba\u011fdat\u2019ta bulundu\u011fu temaslarda Irak\u2019\u0131n yeni bir ter\u00f6r t\u00fcr\u00fcne maruz kald\u0131\u011f\u0131n\u0131 belirtti. Masum Irak\u2019ta ter\u00f6r\u00fcn genel olarak Irak halk\u0131n\u0131 \u00f6zel olarak da az\u0131nl\u0131klar\u0131 hedef ald\u0131\u011f\u0131na dikkat \u00e7ekti.<\/p>\n<p>G\u00f6r\u00fc\u015fmede Almanya D\u0131\u015fi\u015fleri Bakan\u0131 Steinmeier; d\u00fcnyan\u0131n g\u00fcn\u00fcm\u00fczde bir\u00e7ok meydan okumayla kar\u015f\u0131 kar\u015f\u0131ya oldu\u011funa i\u015faret ederken; bu meydan okumalar\u0131n en tehlikelisini \u2018Irak ve \u015eam \u0130slami Devleti I\u015e\u0130D\u2019 olarak bilinen ter\u00f6r olu\u015fumun yay\u0131lmas\u0131 oldu\u011funu belirtti. Steinmeier bundan dolay\u0131 Almanya dahil t\u00fcm uluslar aras\u0131 toplumun ter\u00f6rle m\u00fccadelede Irak\u2019\u0131 destekledi\u011fini s\u00f6yledi.<\/p>\n","protected":false},"excerpt":{"rendered":"<p>BA\u011eDAT \u2013 Irak Ba\u015fkan\u0131 Fuat Masum; ter\u00f6r\u00fcn sadece Irak\u2019a de\u011fil t\u00fcm b\u00f6lgeye b\u00fcy\u00fck bir tehlike te\u015fkil etmesi itibar\u0131yla bu ter\u00f6r\u00fc bertaraf etme ve yay\u0131lmas\u0131n\u0131 \u00f6nlemede uluslar aras\u0131 toplumun \u00e7abalar\u0131n\u0131 yo\u011funla\u015ft\u0131rma ve birle\u015ftirme gere\u011fini vurgulad\u0131. Irak Ba\u015fkanl\u0131\u011f\u0131 bug\u00fcn yay\u0131nlad\u0131\u011f\u0131 ve SANA\u2019n\u0131n bir n\u00fcshas\u0131n\u0131 ald\u0131\u011f\u0131 beyan\u0131nda Irak Ba\u015fkan\u0131 Masum Almanya D\u0131\u015fi\u015fleri Bakan\u0131 Frank Walter Steinmeier ile Ba\u011fdat\u2019ta &hellip;<\/p>\n","protected":false},"author":1,"featured_media":7442,"comment_status":"closed","ping_status":"closed","sticky":false,"template":"","format":"standard","meta":{"footnotes":""},"categories":[458,459,447],"tags":[1661],"class_list":["post-7440","post","type-post","status-publish","format-standard","has-post-thumbnail","","category-dunya1","category-haberler-arap-uluslararasi-politika","category-politika","tag-masum-almanya-disisleri-bakani-ile-terorle-mucadeleyi-gorustu"],"_links":{"self":[{"href":"https:\/\/archive.sana.sy\/tr\/index.php?rest_route=\/wp\/v2\/posts\/7440","targetHints":{"allow":["GET"]}}],"collection":[{"href":"https:\/\/archive.sana.sy\/tr\/index.php?rest_route=\/wp\/v2\/posts"}],"about":[{"href":"https:\/\/archive.sana.sy\/tr\/index.php?rest_route=\/wp\/v2\/types\/post"}],"author":[{"embeddable":true,"href":"https:\/\/archive.sana.sy\/tr\/index.php?rest_route=\/wp\/v2\/users\/1"}],"replies":[{"embeddable":true,"href":"https:\/\/archive.sana.sy\/tr\/index.php?rest_route=%2Fwp%2Fv2%2Fcomments&post=7440"}],"version-history":[{"count":0,"href":"https:\/\/archive.sana.sy\/tr\/index.php?rest_route=\/wp\/v2\/posts\/7440\/revisions"}],"wp:featuredmedia":[{"embeddable":true,"href":"https:\/\/archive.sana.sy\/tr\/index.php?rest_route=\/wp\/v2\/media\/7442"}],"wp:attachment":[{"href":"https:\/\/archive.sana.sy\/tr\/index.php?rest_route=%2Fwp%2Fv2%2Fmedia&parent=7440"}],"wp:term":[{"taxonomy":"category","embeddable":true,"href":"https:\/\/archive.sana.sy\/tr\/index.php?rest_route=%2Fwp%2Fv2%2Fcategories&post=7440"},{"taxonomy":"post_tag","embeddable":true,"href":"https:\/\/archive.sana.sy\/tr\/index.php?rest_route=%2Fwp%2Fv2%2Ftags&post=7440"}],"curies":[{"name":"wp","href":"https:\/\/api.w.org\/{rel}","templated":true}]}}