{"id":74401,"date":"2016-05-27T18:00:51","date_gmt":"2016-05-27T15:00:51","guid":{"rendered":"http:\/\/sana.sy\/tr\/?p=74401"},"modified":"2016-05-28T15:45:35","modified_gmt":"2016-05-28T12:45:35","slug":"elektrik-santrali-ve-iscilere-saldirdilar","status":"publish","type":"post","link":"https:\/\/archive.sana.sy\/tr\/?p=74401","title":{"rendered":"Elektrik Santrali ve \u0130\u015f\u00e7ilere Sald\u0131rd\u0131lar"},"content":{"rendered":"<p>HAMA \u2013 Erdo\u011fan rejiminin s\u0131n\u0131rs\u0131z deste\u011fi ve y\u00f6nlendirmeleriyle ter\u00f6r estiren \u00e7eteler bug\u00fcn \u00f6\u011flen saatlerinde Hama k\u0131rsal\u0131nda Mharde Elektrik Santraline f\u00fczelerle sald\u0131rd\u0131lar.<\/p>\n<p>Hama \u0130l Emniyet M\u00fcd\u00fcrl\u00fc\u011f\u00fcnde yetkili bir kaynak SANA\u2019ya a\u00e7\u0131klamas\u0131nda; Latamina Beldesinde konu\u015flanan ter\u00f6ristlerin elektrik santralini 6 f\u00fczeyle hedef ald\u0131klar\u0131n\u0131 belirtti. Kaynak hain ter\u00f6r sald\u0131r\u0131lar\u0131nda istasyon \u00e7al\u0131\u015fanlar\u0131ndan birka\u00e7 i\u015f\u00e7inin yaraland\u0131\u011f\u0131n\u0131, istasyonda da hasarlar\u0131n meydana geldi\u011fini ifade etti.<\/p>\n<p>Ter\u00f6r f\u00fczelerinden birinin istasyondaki ana fiol yak\u0131t deposuna isabet etti\u011fini s\u00f6yleyen kaynak; bunun sonucunda depoda b\u00fcy\u00fck bir yang\u0131n\u0131n meydana geldi\u011fini aktard\u0131.<\/p>\n","protected":false},"excerpt":{"rendered":"<p>HAMA \u2013 Erdo\u011fan rejiminin s\u0131n\u0131rs\u0131z deste\u011fi ve y\u00f6nlendirmeleriyle ter\u00f6r estiren \u00e7eteler bug\u00fcn \u00f6\u011flen saatlerinde Hama k\u0131rsal\u0131nda Mharde Elektrik Santraline f\u00fczelerle sald\u0131rd\u0131lar. Hama \u0130l Emniyet M\u00fcd\u00fcrl\u00fc\u011f\u00fcnde yetkili bir kaynak SANA\u2019ya a\u00e7\u0131klamas\u0131nda; Latamina Beldesinde konu\u015flanan ter\u00f6ristlerin elektrik santralini 6 f\u00fczeyle hedef ald\u0131klar\u0131n\u0131 belirtti. Kaynak hain ter\u00f6r sald\u0131r\u0131lar\u0131nda istasyon \u00e7al\u0131\u015fanlar\u0131ndan birka\u00e7 i\u015f\u00e7inin yaraland\u0131\u011f\u0131n\u0131, istasyonda da hasarlar\u0131n meydana geldi\u011fini &hellip;<\/p>\n","protected":false},"author":1,"featured_media":74433,"comment_status":"closed","ping_status":"closed","sticky":false,"template":"","format":"standard","meta":{"footnotes":""},"categories":[575,17988],"tags":[21393,21394],"class_list":["post-74401","post","type-post","status-publish","format-standard","has-post-thumbnail","","category-olaylar-ve-gercekler","category-son-haberler","tag-elektrik-santrali-ve-iscilere-saldirdilar","tag-latamina-beldesinde-konuslanan-teroristlerin-elektrik-santralini-6-fuzeyle-hedef-aldi"],"_links":{"self":[{"href":"https:\/\/archive.sana.sy\/tr\/index.php?rest_route=\/wp\/v2\/posts\/74401","targetHints":{"allow":["GET"]}}],"collection":[{"href":"https:\/\/archive.sana.sy\/tr\/index.php?rest_route=\/wp\/v2\/posts"}],"about":[{"href":"https:\/\/archive.sana.sy\/tr\/index.php?rest_route=\/wp\/v2\/types\/post"}],"author":[{"embeddable":true,"href":"https:\/\/archive.sana.sy\/tr\/index.php?rest_route=\/wp\/v2\/users\/1"}],"replies":[{"embeddable":true,"href":"https:\/\/archive.sana.sy\/tr\/index.php?rest_route=%2Fwp%2Fv2%2Fcomments&post=74401"}],"version-history":[{"count":0,"href":"https:\/\/archive.sana.sy\/tr\/index.php?rest_route=\/wp\/v2\/posts\/74401\/revisions"}],"wp:featuredmedia":[{"embeddable":true,"href":"https:\/\/archive.sana.sy\/tr\/index.php?rest_route=\/wp\/v2\/media\/74433"}],"wp:attachment":[{"href":"https:\/\/archive.sana.sy\/tr\/index.php?rest_route=%2Fwp%2Fv2%2Fmedia&parent=74401"}],"wp:term":[{"taxonomy":"category","embeddable":true,"href":"https:\/\/archive.sana.sy\/tr\/index.php?rest_route=%2Fwp%2Fv2%2Fcategories&post=74401"},{"taxonomy":"post_tag","embeddable":true,"href":"https:\/\/archive.sana.sy\/tr\/index.php?rest_route=%2Fwp%2Fv2%2Ftags&post=74401"}],"curies":[{"name":"wp","href":"https:\/\/api.w.org\/{rel}","templated":true}]}}