{"id":74407,"date":"2016-05-27T13:00:40","date_gmt":"2016-05-27T10:00:40","guid":{"rendered":"http:\/\/sana.sy\/tr\/?p=74407"},"modified":"2016-05-27T20:16:54","modified_gmt":"2016-05-27T17:16:54","slug":"tacikistanli-300-terorist-olduruldu","status":"publish","type":"post","link":"https:\/\/archive.sana.sy\/tr\/?p=74407","title":{"rendered":"Tacikistanl\u0131 300 Ter\u00f6rist \u00d6ld\u00fcr\u00fcld\u00fc"},"content":{"rendered":"<p>DU\u015eANBE \u2013 Tacikistan Ba\u015fkan\u0131 \u0130mamali Rahmanov Suriye&#8217;de silahl\u0131 ter\u00f6r \u00f6rg\u00fctlere kat\u0131lan Tacikistanl\u0131 300 ter\u00f6ristin \u00f6ld\u00fc\u011f\u00fcn\u00fc ilan etti.<\/p>\n<p>Rus Sputnik Ajans\u0131n\u0131n aktard\u0131\u011f\u0131 a\u00e7\u0131klamalar\u0131nda Rahmanov; Suriye&#8217;de ter\u00f6r \u00f6rg\u00fctlere kat\u0131lan y\u00fczlerce Tacikistanl\u0131 vatanda\u015ftan 300\u2019\u00fcn\u00fcn \u00f6ld\u00fc\u011f\u00fcn\u00fcn tespit edildi\u011fini ifade etti. Rahmanov \u00f6len ter\u00f6ristlerden 36\u2019\u0131n\u0131n yerel ve yabanc\u0131 \u00fcniversitelerde e\u011fitim g\u00f6rd\u00fcklerine i\u015faret etti.<\/p>\n","protected":false},"excerpt":{"rendered":"<p>DU\u015eANBE \u2013 Tacikistan Ba\u015fkan\u0131 \u0130mamali Rahmanov Suriye&#8217;de silahl\u0131 ter\u00f6r \u00f6rg\u00fctlere kat\u0131lan Tacikistanl\u0131 300 ter\u00f6ristin \u00f6ld\u00fc\u011f\u00fcn\u00fc ilan etti. Rus Sputnik Ajans\u0131n\u0131n aktard\u0131\u011f\u0131 a\u00e7\u0131klamalar\u0131nda Rahmanov; Suriye&#8217;de ter\u00f6r \u00f6rg\u00fctlere kat\u0131lan y\u00fczlerce Tacikistanl\u0131 vatanda\u015ftan 300\u2019\u00fcn\u00fcn \u00f6ld\u00fc\u011f\u00fcn\u00fcn tespit edildi\u011fini ifade etti. Rahmanov \u00f6len ter\u00f6ristlerden 36\u2019\u0131n\u0131n yerel ve yabanc\u0131 \u00fcniversitelerde e\u011fitim g\u00f6rd\u00fcklerine i\u015faret etti.<\/p>\n","protected":false},"author":1,"featured_media":74409,"comment_status":"closed","ping_status":"closed","sticky":false,"template":"","format":"standard","meta":{"footnotes":""},"categories":[458,459,17988],"tags":[],"class_list":["post-74407","post","type-post","status-publish","format-standard","has-post-thumbnail","","category-dunya1","category-haberler-arap-uluslararasi-politika","category-son-haberler"],"_links":{"self":[{"href":"https:\/\/archive.sana.sy\/tr\/index.php?rest_route=\/wp\/v2\/posts\/74407","targetHints":{"allow":["GET"]}}],"collection":[{"href":"https:\/\/archive.sana.sy\/tr\/index.php?rest_route=\/wp\/v2\/posts"}],"about":[{"href":"https:\/\/archive.sana.sy\/tr\/index.php?rest_route=\/wp\/v2\/types\/post"}],"author":[{"embeddable":true,"href":"https:\/\/archive.sana.sy\/tr\/index.php?rest_route=\/wp\/v2\/users\/1"}],"replies":[{"embeddable":true,"href":"https:\/\/archive.sana.sy\/tr\/index.php?rest_route=%2Fwp%2Fv2%2Fcomments&post=74407"}],"version-history":[{"count":0,"href":"https:\/\/archive.sana.sy\/tr\/index.php?rest_route=\/wp\/v2\/posts\/74407\/revisions"}],"wp:featuredmedia":[{"embeddable":true,"href":"https:\/\/archive.sana.sy\/tr\/index.php?rest_route=\/wp\/v2\/media\/74409"}],"wp:attachment":[{"href":"https:\/\/archive.sana.sy\/tr\/index.php?rest_route=%2Fwp%2Fv2%2Fmedia&parent=74407"}],"wp:term":[{"taxonomy":"category","embeddable":true,"href":"https:\/\/archive.sana.sy\/tr\/index.php?rest_route=%2Fwp%2Fv2%2Fcategories&post=74407"},{"taxonomy":"post_tag","embeddable":true,"href":"https:\/\/archive.sana.sy\/tr\/index.php?rest_route=%2Fwp%2Fv2%2Ftags&post=74407"}],"curies":[{"name":"wp","href":"https:\/\/api.w.org\/{rel}","templated":true}]}}