{"id":74417,"date":"2016-05-28T09:10:48","date_gmt":"2016-05-28T06:10:48","guid":{"rendered":"http:\/\/www.sana.sy\/tr\/?p=74417"},"modified":"2016-05-28T13:08:29","modified_gmt":"2016-05-28T10:08:29","slug":"kaynak-catismalarda-teroristlere-ait-bir-kismi-agir-silahlarla-donatilmis-bir-kismi-da-bombali-olan-bircok-aracin-imha-edilmelerinin-yaninda-onlarca-tekfircinin-olduruldugunu-belirtirken-sag-kalan-t","status":"publish","type":"post","link":"https:\/\/archive.sana.sy\/tr\/?p=74417","title":{"rendered":"Kaynak \u00e7at\u0131\u015fmalarda ter\u00f6ristlere ait bir k\u0131sm\u0131 a\u011f\u0131r silahlarla donat\u0131lm\u0131\u015f, bir k\u0131sm\u0131 da bombal\u0131 olan bir\u00e7ok arac\u0131n imha edilmelerinin yan\u0131nda onlarca tekfircinin \u00f6ld\u00fcr\u00fcld\u00fc\u011f\u00fcn\u00fc belirtirken, sa\u011f kalan tekfircilerin \u00f6l\u00fclerinin cesetleri ve silahlar\u0131n\u0131 arkalar\u0131nda b\u0131rakarak ka\u00e7t\u0131klar\u0131n\u0131 ifade etti"},"content":{"rendered":"<p>Kaynak \u00e7at\u0131\u015fmalarda ter\u00f6ristlere ait bir k\u0131sm\u0131 a\u011f\u0131r silahlarla donat\u0131lm\u0131\u015f, bir k\u0131sm\u0131 da bombal\u0131 olan bir\u00e7ok arac\u0131n imha edilmelerinin yan\u0131nda onlarca tekfircinin \u00f6ld\u00fcr\u00fcld\u00fc\u011f\u00fcn\u00fc belirtirken, sa\u011f kalan tekfircilerin \u00f6l\u00fclerinin cesetleri ve silahlar\u0131n\u0131 arkalar\u0131nda b\u0131rakarak ka\u00e7t\u0131klar\u0131n\u0131 ifade etti<\/p>\n","protected":false},"excerpt":{"rendered":"<p>Kaynak \u00e7at\u0131\u015fmalarda ter\u00f6ristlere ait bir k\u0131sm\u0131 a\u011f\u0131r silahlarla donat\u0131lm\u0131\u015f, bir k\u0131sm\u0131 da bombal\u0131 olan bir\u00e7ok arac\u0131n imha edilmelerinin yan\u0131nda onlarca tekfircinin \u00f6ld\u00fcr\u00fcld\u00fc\u011f\u00fcn\u00fc belirtirken, sa\u011f kalan tekfircilerin \u00f6l\u00fclerinin cesetleri ve silahlar\u0131n\u0131 arkalar\u0131nda b\u0131rakarak ka\u00e7t\u0131klar\u0131n\u0131 ifade etti<\/p>\n","protected":false},"author":1,"featured_media":0,"comment_status":"closed","ping_status":"closed","sticky":false,"template":"","format":"standard","meta":{"footnotes":""},"categories":[17991],"tags":[],"class_list":["post-74417","post","type-post","status-publish","format-standard","","category-son-dakika"],"_links":{"self":[{"href":"https:\/\/archive.sana.sy\/tr\/index.php?rest_route=\/wp\/v2\/posts\/74417","targetHints":{"allow":["GET"]}}],"collection":[{"href":"https:\/\/archive.sana.sy\/tr\/index.php?rest_route=\/wp\/v2\/posts"}],"about":[{"href":"https:\/\/archive.sana.sy\/tr\/index.php?rest_route=\/wp\/v2\/types\/post"}],"author":[{"embeddable":true,"href":"https:\/\/archive.sana.sy\/tr\/index.php?rest_route=\/wp\/v2\/users\/1"}],"replies":[{"embeddable":true,"href":"https:\/\/archive.sana.sy\/tr\/index.php?rest_route=%2Fwp%2Fv2%2Fcomments&post=74417"}],"version-history":[{"count":0,"href":"https:\/\/archive.sana.sy\/tr\/index.php?rest_route=\/wp\/v2\/posts\/74417\/revisions"}],"wp:attachment":[{"href":"https:\/\/archive.sana.sy\/tr\/index.php?rest_route=%2Fwp%2Fv2%2Fmedia&parent=74417"}],"wp:term":[{"taxonomy":"category","embeddable":true,"href":"https:\/\/archive.sana.sy\/tr\/index.php?rest_route=%2Fwp%2Fv2%2Fcategories&post=74417"},{"taxonomy":"post_tag","embeddable":true,"href":"https:\/\/archive.sana.sy\/tr\/index.php?rest_route=%2Fwp%2Fv2%2Ftags&post=74417"}],"curies":[{"name":"wp","href":"https:\/\/api.w.org\/{rel}","templated":true}]}}