{"id":74420,"date":"2016-05-28T11:46:19","date_gmt":"2016-05-28T08:46:19","guid":{"rendered":"http:\/\/www.sana.sy\/tr\/?p=74420"},"modified":"2016-05-29T16:07:47","modified_gmt":"2016-05-29T13:07:47","slug":"aralarinda-saha-komutanlarinin-bulundugu-onlarca-terorist-olduruldu-4","status":"publish","type":"post","link":"https:\/\/archive.sana.sy\/tr\/?p=74420","title":{"rendered":"Aralar\u0131nda Saha Komutanlar\u0131n\u0131n Bulundu\u011fu Onlarca Ter\u00f6rist \u00d6ld\u00fcr\u00fcld\u00fc"},"content":{"rendered":"<p>\u0130LLER \u2013 Suriye ve halk\u0131na kin ve nefret dolu olup Suriye halk\u0131n\u0131n ac\u0131lar\u0131yla ticaret yapan Erdo\u011fan, Al Suud ve Al Thani gibi rejimlere tabi tekfirci ter\u00f6re kar\u015f\u0131 operasyonlar\u0131n\u0131 s\u00fcrd\u00fcren ordu birliklerimiz bug\u00fcn de aralar\u0131nda saha komutanlar\u0131n\u0131n bulundu\u011fu onlarca ter\u00f6risti \u00f6l\u00fc yaral\u0131 d\u00fc\u015f\u00fcrd\u00fc.<\/p>\n<p><span style=\"color: #0000ff\">DEYREZZOR:<\/span><\/p>\n<p>Deyrezzor\u2019da askeri bir kaynak SANA\u2019ya a\u00e7\u0131klamas\u0131nda ordu birliklerimizin kentin g\u00fcneybat\u0131s\u0131na d\u00fc\u015fen Panorama B\u00f6lgesine girmeye \u00e7al\u0131\u015fan I\u015e\u0130D tekfircileriyle son 24 saat i\u00e7inde \u015fiddetli \u00e7at\u0131\u015fmalara girdiklerini belirtti.<\/p>\n<p>Kaynak \u00e7at\u0131\u015fmalarda ter\u00f6ristlere ait bir k\u0131sm\u0131 a\u011f\u0131r silahlarla donat\u0131lm\u0131\u015f, bir k\u0131sm\u0131 da bombal\u0131 olan bir\u00e7ok arac\u0131n imha edilmelerinin yan\u0131nda onlarca tekfircinin \u00f6ld\u00fcr\u00fcld\u00fc\u011f\u00fcn\u00fc belirtirken, sa\u011f kalan tekfircilerin \u00f6l\u00fclerinin cesetleri ve silahlar\u0131n\u0131 arkalar\u0131nda b\u0131rakarak ka\u00e7t\u0131klar\u0131n\u0131 ifade etti.<\/p>\n<p>Hava g\u00fc\u00e7lerimizin Deyrezzor Havaliman\u0131 civar\u0131 ve Serda Da\u011f\u0131nda I\u015e\u0130D\u2019in ara\u00e7 ve karargahlar\u0131n\u0131 muhtevalar\u0131yla imha ettiklerini belirten kaynak, hava operasyonlar\u0131nda aralar\u0131nda saha komutanlar\u0131n\u0131n bulundu\u011fu onlarca tekfircinin \u00f6ld\u00fcr\u00fcld\u00fc\u011f\u00fcn\u00fc aktard\u0131.<\/p>\n<p><span style=\"color: #0000ff\">HAMA:<\/span><\/p>\n<p>Askeri kaynak Hama k\u0131rsal\u0131n\u0131n kuzeyi Morik Beldesi civar\u0131 ve il k\u0131rsal\u0131n\u0131n kuzeydo\u011fusu um Harteyn B\u00f6lgesinde \u2018Cund el Aksa\u2019 adl\u0131 tekfirci ter\u00f6ristlerin mevki ve hareketlenmelerini hedef alan ordu birliklerimiz a\u011f\u0131r makineli silahlarla donat\u0131lm\u0131\u015f ara\u00e7lar\u0131yla birlikte bir\u00e7ok tekfirciyi etkisiz hale getirdiklerini aktard\u0131.<\/p>\n","protected":false},"excerpt":{"rendered":"<p>\u0130LLER \u2013 Suriye ve halk\u0131na kin ve nefret dolu olup Suriye halk\u0131n\u0131n ac\u0131lar\u0131yla ticaret yapan Erdo\u011fan, Al Suud ve Al Thani gibi rejimlere tabi tekfirci ter\u00f6re kar\u015f\u0131 operasyonlar\u0131n\u0131 s\u00fcrd\u00fcren ordu birliklerimiz bug\u00fcn de aralar\u0131nda saha komutanlar\u0131n\u0131n bulundu\u011fu onlarca ter\u00f6risti \u00f6l\u00fc yaral\u0131 d\u00fc\u015f\u00fcrd\u00fc. DEYREZZOR: Deyrezzor\u2019da askeri bir kaynak SANA\u2019ya a\u00e7\u0131klamas\u0131nda ordu birliklerimizin kentin g\u00fcneybat\u0131s\u0131na d\u00fc\u015fen Panorama &hellip;<\/p>\n","protected":false},"author":1,"featured_media":74422,"comment_status":"closed","ping_status":"closed","sticky":false,"template":"","format":"standard","meta":{"footnotes":""},"categories":[575,17988],"tags":[],"class_list":["post-74420","post","type-post","status-publish","format-standard","has-post-thumbnail","","category-olaylar-ve-gercekler","category-son-haberler"],"_links":{"self":[{"href":"https:\/\/archive.sana.sy\/tr\/index.php?rest_route=\/wp\/v2\/posts\/74420","targetHints":{"allow":["GET"]}}],"collection":[{"href":"https:\/\/archive.sana.sy\/tr\/index.php?rest_route=\/wp\/v2\/posts"}],"about":[{"href":"https:\/\/archive.sana.sy\/tr\/index.php?rest_route=\/wp\/v2\/types\/post"}],"author":[{"embeddable":true,"href":"https:\/\/archive.sana.sy\/tr\/index.php?rest_route=\/wp\/v2\/users\/1"}],"replies":[{"embeddable":true,"href":"https:\/\/archive.sana.sy\/tr\/index.php?rest_route=%2Fwp%2Fv2%2Fcomments&post=74420"}],"version-history":[{"count":0,"href":"https:\/\/archive.sana.sy\/tr\/index.php?rest_route=\/wp\/v2\/posts\/74420\/revisions"}],"wp:featuredmedia":[{"embeddable":true,"href":"https:\/\/archive.sana.sy\/tr\/index.php?rest_route=\/wp\/v2\/media\/74422"}],"wp:attachment":[{"href":"https:\/\/archive.sana.sy\/tr\/index.php?rest_route=%2Fwp%2Fv2%2Fmedia&parent=74420"}],"wp:term":[{"taxonomy":"category","embeddable":true,"href":"https:\/\/archive.sana.sy\/tr\/index.php?rest_route=%2Fwp%2Fv2%2Fcategories&post=74420"},{"taxonomy":"post_tag","embeddable":true,"href":"https:\/\/archive.sana.sy\/tr\/index.php?rest_route=%2Fwp%2Fv2%2Ftags&post=74420"}],"curies":[{"name":"wp","href":"https:\/\/api.w.org\/{rel}","templated":true}]}}