{"id":74421,"date":"2016-05-28T09:05:03","date_gmt":"2016-05-28T06:05:03","guid":{"rendered":"http:\/\/www.sana.sy\/tr\/?p=74421"},"modified":"2016-05-28T13:08:07","modified_gmt":"2016-05-28T10:08:07","slug":"deyrezzorda-askeri-bir-kaynak-sanaya-aciklamasinda-ordu-birliklerimizin-kentin-guneybatisina-dusen-panorama-bolgesine-girmeye-calisan-isid-tekfircileriyle-son-24-saat-icinde-siddetli","status":"publish","type":"post","link":"https:\/\/archive.sana.sy\/tr\/?p=74421","title":{"rendered":"Deyrezzor\u2019da askeri bir kaynak SANA\u2019ya a\u00e7\u0131klamas\u0131nda ordu birliklerimizin kentin g\u00fcneybat\u0131s\u0131na d\u00fc\u015fen Panorama B\u00f6lgesine girmeye \u00e7al\u0131\u015fan I\u015e\u0130D tekfircileriyle son 24 saat i\u00e7inde \u015fiddetli \u00e7at\u0131\u015fmalara girdiklerini belirtti"},"content":{"rendered":"<p>Deyrezzor\u2019da askeri bir kaynak SANA\u2019ya a\u00e7\u0131klamas\u0131nda ordu birliklerimizin kentin g\u00fcneybat\u0131s\u0131na d\u00fc\u015fen Panorama B\u00f6lgesine girmeye \u00e7al\u0131\u015fan I\u015e\u0130D tekfircileriyle son 24 saat i\u00e7inde \u015fiddetli \u00e7at\u0131\u015fmalara girdiklerini belirtti<\/p>\n","protected":false},"excerpt":{"rendered":"<p>Deyrezzor\u2019da askeri bir kaynak SANA\u2019ya a\u00e7\u0131klamas\u0131nda ordu birliklerimizin kentin g\u00fcneybat\u0131s\u0131na d\u00fc\u015fen Panorama B\u00f6lgesine girmeye \u00e7al\u0131\u015fan I\u015e\u0130D tekfircileriyle son 24 saat i\u00e7inde \u015fiddetli \u00e7at\u0131\u015fmalara girdiklerini belirtti<\/p>\n","protected":false},"author":1,"featured_media":0,"comment_status":"closed","ping_status":"closed","sticky":false,"template":"","format":"standard","meta":{"footnotes":""},"categories":[17991],"tags":[],"class_list":["post-74421","post","type-post","status-publish","format-standard","","category-son-dakika"],"_links":{"self":[{"href":"https:\/\/archive.sana.sy\/tr\/index.php?rest_route=\/wp\/v2\/posts\/74421","targetHints":{"allow":["GET"]}}],"collection":[{"href":"https:\/\/archive.sana.sy\/tr\/index.php?rest_route=\/wp\/v2\/posts"}],"about":[{"href":"https:\/\/archive.sana.sy\/tr\/index.php?rest_route=\/wp\/v2\/types\/post"}],"author":[{"embeddable":true,"href":"https:\/\/archive.sana.sy\/tr\/index.php?rest_route=\/wp\/v2\/users\/1"}],"replies":[{"embeddable":true,"href":"https:\/\/archive.sana.sy\/tr\/index.php?rest_route=%2Fwp%2Fv2%2Fcomments&post=74421"}],"version-history":[{"count":0,"href":"https:\/\/archive.sana.sy\/tr\/index.php?rest_route=\/wp\/v2\/posts\/74421\/revisions"}],"wp:attachment":[{"href":"https:\/\/archive.sana.sy\/tr\/index.php?rest_route=%2Fwp%2Fv2%2Fmedia&parent=74421"}],"wp:term":[{"taxonomy":"category","embeddable":true,"href":"https:\/\/archive.sana.sy\/tr\/index.php?rest_route=%2Fwp%2Fv2%2Fcategories&post=74421"},{"taxonomy":"post_tag","embeddable":true,"href":"https:\/\/archive.sana.sy\/tr\/index.php?rest_route=%2Fwp%2Fv2%2Ftags&post=74421"}],"curies":[{"name":"wp","href":"https:\/\/api.w.org\/{rel}","templated":true}]}}