{"id":74425,"date":"2016-05-28T09:30:17","date_gmt":"2016-05-28T06:30:17","guid":{"rendered":"http:\/\/www.sana.sy\/tr\/?p=74425"},"modified":"2016-05-28T13:11:32","modified_gmt":"2016-05-28T10:11:32","slug":"hava-guclerimizin-deyrezzor-havalimani-civari-ve-serda-daginda-isidin-arac-ve-karargahlarini-muhtevalariyla-imha-ettiklerini-belirten-kaynak-hava-operasyonlarinda-aralarinda-saha-komutanlari","status":"publish","type":"post","link":"https:\/\/archive.sana.sy\/tr\/?p=74425","title":{"rendered":"Hava g\u00fc\u00e7lerimizin Deyrezzor Havaliman\u0131 civar\u0131 ve Serda Da\u011f\u0131nda I\u015e\u0130D\u2019in ara\u00e7 ve karargahlar\u0131n\u0131 muhtevalar\u0131yla imha ettiklerini belirten kaynak, hava operasyonlar\u0131nda aralar\u0131nda saha komutanlar\u0131n\u0131n bulundu\u011fu onlarca tekfircinin \u00f6ld\u00fcr\u00fcld\u00fc\u011f\u00fcn\u00fc aktard\u0131"},"content":{"rendered":"<p>Hava g\u00fc\u00e7lerimizin Deyrezzor Havaliman\u0131 civar\u0131 ve Serda Da\u011f\u0131nda I\u015e\u0130D\u2019in ara\u00e7 ve karargahlar\u0131n\u0131 muhtevalar\u0131yla imha ettiklerini belirten kaynak, hava operasyonlar\u0131nda aralar\u0131nda saha komutanlar\u0131n\u0131n bulundu\u011fu onlarca tekfircinin \u00f6ld\u00fcr\u00fcld\u00fc\u011f\u00fcn\u00fc aktard\u0131<\/p>\n","protected":false},"excerpt":{"rendered":"<p>Hava g\u00fc\u00e7lerimizin Deyrezzor Havaliman\u0131 civar\u0131 ve Serda Da\u011f\u0131nda I\u015e\u0130D\u2019in ara\u00e7 ve karargahlar\u0131n\u0131 muhtevalar\u0131yla imha ettiklerini belirten kaynak, hava operasyonlar\u0131nda aralar\u0131nda saha komutanlar\u0131n\u0131n bulundu\u011fu onlarca tekfircinin \u00f6ld\u00fcr\u00fcld\u00fc\u011f\u00fcn\u00fc aktard\u0131<\/p>\n","protected":false},"author":1,"featured_media":0,"comment_status":"closed","ping_status":"closed","sticky":false,"template":"","format":"standard","meta":{"footnotes":""},"categories":[17991],"tags":[],"class_list":["post-74425","post","type-post","status-publish","format-standard","","category-son-dakika"],"_links":{"self":[{"href":"https:\/\/archive.sana.sy\/tr\/index.php?rest_route=\/wp\/v2\/posts\/74425","targetHints":{"allow":["GET"]}}],"collection":[{"href":"https:\/\/archive.sana.sy\/tr\/index.php?rest_route=\/wp\/v2\/posts"}],"about":[{"href":"https:\/\/archive.sana.sy\/tr\/index.php?rest_route=\/wp\/v2\/types\/post"}],"author":[{"embeddable":true,"href":"https:\/\/archive.sana.sy\/tr\/index.php?rest_route=\/wp\/v2\/users\/1"}],"replies":[{"embeddable":true,"href":"https:\/\/archive.sana.sy\/tr\/index.php?rest_route=%2Fwp%2Fv2%2Fcomments&post=74425"}],"version-history":[{"count":0,"href":"https:\/\/archive.sana.sy\/tr\/index.php?rest_route=\/wp\/v2\/posts\/74425\/revisions"}],"wp:attachment":[{"href":"https:\/\/archive.sana.sy\/tr\/index.php?rest_route=%2Fwp%2Fv2%2Fmedia&parent=74425"}],"wp:term":[{"taxonomy":"category","embeddable":true,"href":"https:\/\/archive.sana.sy\/tr\/index.php?rest_route=%2Fwp%2Fv2%2Fcategories&post=74425"},{"taxonomy":"post_tag","embeddable":true,"href":"https:\/\/archive.sana.sy\/tr\/index.php?rest_route=%2Fwp%2Fv2%2Ftags&post=74425"}],"curies":[{"name":"wp","href":"https:\/\/api.w.org\/{rel}","templated":true}]}}