{"id":74440,"date":"2016-05-28T10:22:20","date_gmt":"2016-05-28T07:22:20","guid":{"rendered":"http:\/\/www.sana.sy\/tr\/?p=74440"},"modified":"2016-05-29T10:23:51","modified_gmt":"2016-05-29T07:23:51","slug":"turkiye-rejimi-savas-sucu-isledi","status":"publish","type":"post","link":"https:\/\/archive.sana.sy\/tr\/?p=74440","title":{"rendered":"T\u00fcrkiye Rejimi Sava\u015f Su\u00e7u \u0130\u015fledi"},"content":{"rendered":"<p>AT\u0130NA\u00a0\u2013 Rusya Ba\u015fkan\u0131 Vladimir Putin; Rusya&#8217;n\u0131n Suriye&#8217;deki rol\u00fcn\u00fcn ter\u00f6rle m\u00fccadele oldu\u011funu vurgularken, i\u00e7 meselelerin tamamen Suriyelilerin kendi meseleleri oldu\u011funu vurgulad\u0131.<\/p>\n<p>Yunanistan Ba\u015fbakan\u0131 Aleksis \u00c7ipras ile\u00a0Atina\u2019da bulundu\u011fu temaslar\u0131n ard\u0131ndan d\u00fczenlenen ortak bas\u0131n toplant\u0131s\u0131nda Putin, T\u00fcrkiye rejiminin Rus SU-24 tipi u\u00e7a\u011f\u0131n\u0131 Suriye hava sahas\u0131nda d\u00fc\u015f\u00fcrmesi ve pilotunu \u00f6ld\u00fcrmesiyle tam anlam\u0131yla bir sava\u015f su\u00e7u i\u015fledi\u011fini belirtti.<\/p>\n","protected":false},"excerpt":{"rendered":"<p>AT\u0130NA\u00a0\u2013 Rusya Ba\u015fkan\u0131 Vladimir Putin; Rusya&#8217;n\u0131n Suriye&#8217;deki rol\u00fcn\u00fcn ter\u00f6rle m\u00fccadele oldu\u011funu vurgularken, i\u00e7 meselelerin tamamen Suriyelilerin kendi meseleleri oldu\u011funu vurgulad\u0131. Yunanistan Ba\u015fbakan\u0131 Aleksis \u00c7ipras ile\u00a0Atina\u2019da bulundu\u011fu temaslar\u0131n ard\u0131ndan d\u00fczenlenen ortak bas\u0131n toplant\u0131s\u0131nda Putin, T\u00fcrkiye rejiminin Rus SU-24 tipi u\u00e7a\u011f\u0131n\u0131 Suriye hava sahas\u0131nda d\u00fc\u015f\u00fcrmesi ve pilotunu \u00f6ld\u00fcrmesiyle tam anlam\u0131yla bir sava\u015f su\u00e7u i\u015fledi\u011fini belirtti.<\/p>\n","protected":false},"author":1,"featured_media":74413,"comment_status":"closed","ping_status":"closed","sticky":false,"template":"","format":"standard","meta":{"footnotes":""},"categories":[458,459,17988],"tags":[21399,16744],"class_list":["post-74440","post","type-post","status-publish","format-standard","has-post-thumbnail","","category-dunya1","category-haberler-arap-uluslararasi-politika","category-son-haberler","tag-turkiye-rejimi-savas-sucu-isledi","tag-vladimir-putin"],"_links":{"self":[{"href":"https:\/\/archive.sana.sy\/tr\/index.php?rest_route=\/wp\/v2\/posts\/74440","targetHints":{"allow":["GET"]}}],"collection":[{"href":"https:\/\/archive.sana.sy\/tr\/index.php?rest_route=\/wp\/v2\/posts"}],"about":[{"href":"https:\/\/archive.sana.sy\/tr\/index.php?rest_route=\/wp\/v2\/types\/post"}],"author":[{"embeddable":true,"href":"https:\/\/archive.sana.sy\/tr\/index.php?rest_route=\/wp\/v2\/users\/1"}],"replies":[{"embeddable":true,"href":"https:\/\/archive.sana.sy\/tr\/index.php?rest_route=%2Fwp%2Fv2%2Fcomments&post=74440"}],"version-history":[{"count":0,"href":"https:\/\/archive.sana.sy\/tr\/index.php?rest_route=\/wp\/v2\/posts\/74440\/revisions"}],"wp:featuredmedia":[{"embeddable":true,"href":"https:\/\/archive.sana.sy\/tr\/index.php?rest_route=\/wp\/v2\/media\/74413"}],"wp:attachment":[{"href":"https:\/\/archive.sana.sy\/tr\/index.php?rest_route=%2Fwp%2Fv2%2Fmedia&parent=74440"}],"wp:term":[{"taxonomy":"category","embeddable":true,"href":"https:\/\/archive.sana.sy\/tr\/index.php?rest_route=%2Fwp%2Fv2%2Fcategories&post=74440"},{"taxonomy":"post_tag","embeddable":true,"href":"https:\/\/archive.sana.sy\/tr\/index.php?rest_route=%2Fwp%2Fv2%2Ftags&post=74440"}],"curies":[{"name":"wp","href":"https:\/\/api.w.org\/{rel}","templated":true}]}}