{"id":74458,"date":"2016-05-28T11:44:03","date_gmt":"2016-05-28T08:44:03","guid":{"rendered":"http:\/\/www.sana.sy\/tr\/?p=74458"},"modified":"2016-05-28T16:46:19","modified_gmt":"2016-05-28T13:46:19","slug":"suriyeli-kareteci-altin-madalya-kazandi","status":"publish","type":"post","link":"https:\/\/archive.sana.sy\/tr\/?p=74458","title":{"rendered":"Suriyeli Kareteci Alt\u0131n Madalya Kazand\u0131"},"content":{"rendered":"<p>KUALA LUMPUR &#8211; Milli karatecimiz M\u00fcna \u015ehayber Malezya\u2019da d\u00fczenlenen uluslararas\u0131 a\u00e7\u0131k \u015fampiyonlukta 60 kilo bayan karatecilerde alt\u0131n madalya kazand\u0131.<\/p>\n<p>Karate Birli\u011fi Ba\u015fkan\u0131 Cihad Meyya Karate Birli\u011finin bu yeni ba\u015far\u0131s\u0131n\u0131n t\u00fcm milli sporcular\u0131m\u0131z i\u00e7in te\u015fvik niteli\u011fi ta\u015f\u0131d\u0131\u011f\u0131n\u0131 belirtti. Malezya\u2019da d\u00fczenlenen uluslar aras\u0131 karate \u015fampiyonlu\u011funa kat\u0131l\u0131m\u0131n beklenen hedefi ger\u00e7ekle\u015ftirdi\u011fine dikkat \u00e7eken Meyya; mili karatecilerimizin bu \u015fampiyonlu\u011fa kat\u0131l\u0131mc\u0131lar\u0131 s\u0131ras\u0131nda uluslar aras\u0131 sporcularla kayna\u015f\u0131p muhtelif a\u00e7\u0131lardan deneyim kazand\u0131klar\u0131n\u0131 s\u00f6yledi.<\/p>\n<p>25\u2019ten fazla devletten sporcular\u0131n kat\u0131ld\u0131klar\u0131 Malezya \u015eampiyonas\u0131, milli karate tak\u0131m\u0131m\u0131z\u0131n bu y\u0131l kat\u0131ld\u0131\u011f\u0131 ikinci uluslar aras\u0131 faaliyeti say\u0131l\u0131yor. Milli karatecilerimizin daha \u00f6nce M\u0131s\u0131r\u2019\u0131n \u015eerem el \u015eeyh Kentinde d\u00fczenlenen \u015fampiyonlukta bayan karatecimiz \u015ehayber g\u00fcm\u00fc\u015f madalya ile ikincili\u011fi alm\u0131\u015ft\u0131.<\/p>\n","protected":false},"excerpt":{"rendered":"<p>KUALA LUMPUR &#8211; Milli karatecimiz M\u00fcna \u015ehayber Malezya\u2019da d\u00fczenlenen uluslararas\u0131 a\u00e7\u0131k \u015fampiyonlukta 60 kilo bayan karatecilerde alt\u0131n madalya kazand\u0131. Karate Birli\u011fi Ba\u015fkan\u0131 Cihad Meyya Karate Birli\u011finin bu yeni ba\u015far\u0131s\u0131n\u0131n t\u00fcm milli sporcular\u0131m\u0131z i\u00e7in te\u015fvik niteli\u011fi ta\u015f\u0131d\u0131\u011f\u0131n\u0131 belirtti. Malezya\u2019da d\u00fczenlenen uluslar aras\u0131 karate \u015fampiyonlu\u011funa kat\u0131l\u0131m\u0131n beklenen hedefi ger\u00e7ekle\u015ftirdi\u011fine dikkat \u00e7eken Meyya; mili karatecilerimizin bu \u015fampiyonlu\u011fa kat\u0131l\u0131mc\u0131lar\u0131 &hellip;<\/p>\n","protected":false},"author":1,"featured_media":74459,"comment_status":"closed","ping_status":"closed","sticky":false,"template":"","format":"standard","meta":{"footnotes":""},"categories":[498,17988,496],"tags":[20359,21414,20360,21413,21412],"class_list":["post-74458","post","type-post","status-publish","format-standard","has-post-thumbnail","","category-dunya-turnuvalari","category-son-haberler","category-spor","tag-altin-madalya","tag-karate-sampiyonlugu","tag-milli-sporcumuz","tag-muna-shayber","tag-suriyeli-kareteci-altin-madalya-kazandi"],"_links":{"self":[{"href":"https:\/\/archive.sana.sy\/tr\/index.php?rest_route=\/wp\/v2\/posts\/74458","targetHints":{"allow":["GET"]}}],"collection":[{"href":"https:\/\/archive.sana.sy\/tr\/index.php?rest_route=\/wp\/v2\/posts"}],"about":[{"href":"https:\/\/archive.sana.sy\/tr\/index.php?rest_route=\/wp\/v2\/types\/post"}],"author":[{"embeddable":true,"href":"https:\/\/archive.sana.sy\/tr\/index.php?rest_route=\/wp\/v2\/users\/1"}],"replies":[{"embeddable":true,"href":"https:\/\/archive.sana.sy\/tr\/index.php?rest_route=%2Fwp%2Fv2%2Fcomments&post=74458"}],"version-history":[{"count":0,"href":"https:\/\/archive.sana.sy\/tr\/index.php?rest_route=\/wp\/v2\/posts\/74458\/revisions"}],"wp:featuredmedia":[{"embeddable":true,"href":"https:\/\/archive.sana.sy\/tr\/index.php?rest_route=\/wp\/v2\/media\/74459"}],"wp:attachment":[{"href":"https:\/\/archive.sana.sy\/tr\/index.php?rest_route=%2Fwp%2Fv2%2Fmedia&parent=74458"}],"wp:term":[{"taxonomy":"category","embeddable":true,"href":"https:\/\/archive.sana.sy\/tr\/index.php?rest_route=%2Fwp%2Fv2%2Fcategories&post=74458"},{"taxonomy":"post_tag","embeddable":true,"href":"https:\/\/archive.sana.sy\/tr\/index.php?rest_route=%2Fwp%2Fv2%2Ftags&post=74458"}],"curies":[{"name":"wp","href":"https:\/\/api.w.org\/{rel}","templated":true}]}}