{"id":74481,"date":"2016-05-29T09:00:17","date_gmt":"2016-05-29T06:00:17","guid":{"rendered":"http:\/\/sana.sy\/tr\/?p=74481"},"modified":"2016-05-29T12:44:00","modified_gmt":"2016-05-29T09:44:00","slug":"filistinli-ulusal-gucler-ittifaki-sam-kirsali-ceramanada-kitlesel-yuruyus-duzenledi","status":"publish","type":"post","link":"https:\/\/archive.sana.sy\/tr\/?p=74481","title":{"rendered":"Filistinli Ulusal G\u00fc\u00e7ler \u0130ttifak\u0131 \u015eam k\u0131rsal\u0131 Ceramana\u2019da kitlesel y\u00fcr\u00fcy\u00fc\u015f d\u00fczenledi"},"content":{"rendered":"<p>Filistinli Ulusal G\u00fc\u00e7ler \u0130ttifak\u0131 \u015eam k\u0131rsal\u0131 Ceramana\u2019da kitlesel y\u00fcr\u00fcy\u00fc\u015f d\u00fczenledi<\/p>\n<p>https:\/\/youtu.be\/wdUzmVV_gKo<\/p>\n<p>R.H.<\/p>\n","protected":false},"excerpt":{"rendered":"<p>Filistinli Ulusal G\u00fc\u00e7ler \u0130ttifak\u0131 \u015eam k\u0131rsal\u0131 Ceramana\u2019da kitlesel y\u00fcr\u00fcy\u00fc\u015f d\u00fczenledi https:\/\/youtu.be\/wdUzmVV_gKo R.H.<\/p>\n","protected":false},"author":1,"featured_media":74485,"comment_status":"closed","ping_status":"closed","sticky":false,"template":"","format":"standard","meta":{"footnotes":""},"categories":[18295],"tags":[21421],"class_list":["post-74481","post","type-post","status-publish","format-standard","has-post-thumbnail","","category-sana-video","tag-filistinli-ulusal-gucler-ittifaki-sam-kirsali-ceramanada-kitlesel-yuruyus-duzenledi"],"_links":{"self":[{"href":"https:\/\/archive.sana.sy\/tr\/index.php?rest_route=\/wp\/v2\/posts\/74481","targetHints":{"allow":["GET"]}}],"collection":[{"href":"https:\/\/archive.sana.sy\/tr\/index.php?rest_route=\/wp\/v2\/posts"}],"about":[{"href":"https:\/\/archive.sana.sy\/tr\/index.php?rest_route=\/wp\/v2\/types\/post"}],"author":[{"embeddable":true,"href":"https:\/\/archive.sana.sy\/tr\/index.php?rest_route=\/wp\/v2\/users\/1"}],"replies":[{"embeddable":true,"href":"https:\/\/archive.sana.sy\/tr\/index.php?rest_route=%2Fwp%2Fv2%2Fcomments&post=74481"}],"version-history":[{"count":0,"href":"https:\/\/archive.sana.sy\/tr\/index.php?rest_route=\/wp\/v2\/posts\/74481\/revisions"}],"wp:featuredmedia":[{"embeddable":true,"href":"https:\/\/archive.sana.sy\/tr\/index.php?rest_route=\/wp\/v2\/media\/74485"}],"wp:attachment":[{"href":"https:\/\/archive.sana.sy\/tr\/index.php?rest_route=%2Fwp%2Fv2%2Fmedia&parent=74481"}],"wp:term":[{"taxonomy":"category","embeddable":true,"href":"https:\/\/archive.sana.sy\/tr\/index.php?rest_route=%2Fwp%2Fv2%2Fcategories&post=74481"},{"taxonomy":"post_tag","embeddable":true,"href":"https:\/\/archive.sana.sy\/tr\/index.php?rest_route=%2Fwp%2Fv2%2Ftags&post=74481"}],"curies":[{"name":"wp","href":"https:\/\/api.w.org\/{rel}","templated":true}]}}