{"id":74504,"date":"2016-05-28T08:00:36","date_gmt":"2016-05-28T05:00:36","guid":{"rendered":"http:\/\/sana.sy\/tr\/?p=74504"},"modified":"2016-05-29T13:19:36","modified_gmt":"2016-05-29T10:19:36","slug":"futbol-cumhuriyet-kupasinin-yari-finaline-yukselen-ilk-takim-kerame-oldu","status":"publish","type":"post","link":"https:\/\/archive.sana.sy\/tr\/?p=74504","title":{"rendered":"Futbol Cumhuriyet kupas\u0131n\u0131n yar\u0131 finaline y\u00fckselen ilk tak\u0131m Kerame Oldu"},"content":{"rendered":"<p>Futbol Cumhuriyet kupas\u0131n\u0131n yar\u0131 finaline y\u00fckselen ilk tak\u0131m Kerame Oldu<\/p>\n<p>https:\/\/youtu.be\/0bcz6BRSCHc<\/p>\n<p>R.H.<\/p>\n","protected":false},"excerpt":{"rendered":"<p>Futbol Cumhuriyet kupas\u0131n\u0131n yar\u0131 finaline y\u00fckselen ilk tak\u0131m Kerame Oldu https:\/\/youtu.be\/0bcz6BRSCHc R.H.<\/p>\n","protected":false},"author":1,"featured_media":74506,"comment_status":"closed","ping_status":"closed","sticky":false,"template":"","format":"standard","meta":{"footnotes":""},"categories":[18295],"tags":[21428],"class_list":["post-74504","post","type-post","status-publish","format-standard","has-post-thumbnail","","category-sana-video","tag-futbol-cumhuriyet-kupasinin-yari-finaline-yukselen-ilk-takim-kerame-oldu"],"_links":{"self":[{"href":"https:\/\/archive.sana.sy\/tr\/index.php?rest_route=\/wp\/v2\/posts\/74504","targetHints":{"allow":["GET"]}}],"collection":[{"href":"https:\/\/archive.sana.sy\/tr\/index.php?rest_route=\/wp\/v2\/posts"}],"about":[{"href":"https:\/\/archive.sana.sy\/tr\/index.php?rest_route=\/wp\/v2\/types\/post"}],"author":[{"embeddable":true,"href":"https:\/\/archive.sana.sy\/tr\/index.php?rest_route=\/wp\/v2\/users\/1"}],"replies":[{"embeddable":true,"href":"https:\/\/archive.sana.sy\/tr\/index.php?rest_route=%2Fwp%2Fv2%2Fcomments&post=74504"}],"version-history":[{"count":0,"href":"https:\/\/archive.sana.sy\/tr\/index.php?rest_route=\/wp\/v2\/posts\/74504\/revisions"}],"wp:featuredmedia":[{"embeddable":true,"href":"https:\/\/archive.sana.sy\/tr\/index.php?rest_route=\/wp\/v2\/media\/74506"}],"wp:attachment":[{"href":"https:\/\/archive.sana.sy\/tr\/index.php?rest_route=%2Fwp%2Fv2%2Fmedia&parent=74504"}],"wp:term":[{"taxonomy":"category","embeddable":true,"href":"https:\/\/archive.sana.sy\/tr\/index.php?rest_route=%2Fwp%2Fv2%2Fcategories&post=74504"},{"taxonomy":"post_tag","embeddable":true,"href":"https:\/\/archive.sana.sy\/tr\/index.php?rest_route=%2Fwp%2Fv2%2Ftags&post=74504"}],"curies":[{"name":"wp","href":"https:\/\/api.w.org\/{rel}","templated":true}]}}