{"id":7451,"date":"2014-08-16T15:20:03","date_gmt":"2014-08-16T12:20:03","guid":{"rendered":"http:\/\/www.sana.sy\/tr\/?p=7451"},"modified":"2014-08-16T15:20:03","modified_gmt":"2014-08-16T12:20:03","slug":"fitne-ve-boluculuk-provokasyonu-dusmanlara-hizmet-ediyor","status":"publish","type":"post","link":"https:\/\/archive.sana.sy\/tr\/?p=7451","title":{"rendered":"Fitne ve B\u00f6l\u00fcc\u00fcl\u00fck Provokasyonu D\u00fc\u015fmanlara Hizmet Ediyor"},"content":{"rendered":"<p>S\u00dcVEYDA \u2013 Suriye&#8217;de M\u00fcsl\u00fcman Muvahhidin (D\u00fcrziler) Taifesi Ak\u0131l \u015eeyhli\u011fi bug\u00fcn ilan etti\u011fi beyanda t\u00fcm vatan evlatlar\u0131n\u0131 fitne ve provokasyona gelmemelerine, fitneci ve provokat\u00f6rlere kulak vermemelerine davet etti.<\/p>\n<p>SANA\u2019n\u0131n bir n\u00fcshas\u0131n\u0131 ald\u0131\u011f\u0131 beyanda Ak\u0131l \u015eeyhli\u011fi; fitne ve provokasyonun \u00f6l\u00fcm ve y\u0131k\u0131mdan ba\u015fka bir \u015fey getirmedi\u011fine ve getirmeyece\u011fine dikkat \u00e7ekerek; t\u00fcm vatanda\u015flar\u0131 al\u0131\u015f\u0131la gelen ulusal birlik beraberlik i\u00e7inde kalmaya davet etti.<\/p>\n<p>Ak\u0131l \u015eeyhli\u011fi beyan\u0131nda ter\u00f6r \u00e7eteleri ve efendilerinin Suriye&#8217;de krizin ba\u015f\u0131ndan beri ayn\u0131 vatan evlatlar\u0131 aras\u0131nda fitne ve b\u00f6l\u00fcc\u00fcl\u00fc\u011f\u00fc provoke etmeye \u00e7al\u0131\u015ft\u0131klar\u0131na vurgu yaparak, bunun sadece ve sadece vatan d\u00fc\u015fmanlar\u0131 ve s\u00f6m\u00fcr\u00fcc\u00fclerin \u00e7\u0131karlar\u0131na hizmet etti\u011finin alt\u0131n\u0131 \u00e7izdi.<\/p>\n","protected":false},"excerpt":{"rendered":"<p>S\u00dcVEYDA \u2013 Suriye&#8217;de M\u00fcsl\u00fcman Muvahhidin (D\u00fcrziler) Taifesi Ak\u0131l \u015eeyhli\u011fi bug\u00fcn ilan etti\u011fi beyanda t\u00fcm vatan evlatlar\u0131n\u0131 fitne ve provokasyona gelmemelerine, fitneci ve provokat\u00f6rlere kulak vermemelerine davet etti. SANA\u2019n\u0131n bir n\u00fcshas\u0131n\u0131 ald\u0131\u011f\u0131 beyanda Ak\u0131l \u015eeyhli\u011fi; fitne ve provokasyonun \u00f6l\u00fcm ve y\u0131k\u0131mdan ba\u015fka bir \u015fey getirmedi\u011fine ve getirmeyece\u011fine dikkat \u00e7ekerek; t\u00fcm vatanda\u015flar\u0131 al\u0131\u015f\u0131la gelen ulusal birlik beraberlik &hellip;<\/p>\n","protected":false},"author":1,"featured_media":7452,"comment_status":"closed","ping_status":"closed","sticky":false,"template":"","format":"standard","meta":{"footnotes":""},"categories":[479,478],"tags":[1662],"class_list":["post-7451","post","type-post","status-publish","format-standard","has-post-thumbnail","","category-haberler-yerel","category-yerel","tag-fitne-ve-boluculuk-provokasyonu-dusmanlara-hizmet-ediyor"],"_links":{"self":[{"href":"https:\/\/archive.sana.sy\/tr\/index.php?rest_route=\/wp\/v2\/posts\/7451","targetHints":{"allow":["GET"]}}],"collection":[{"href":"https:\/\/archive.sana.sy\/tr\/index.php?rest_route=\/wp\/v2\/posts"}],"about":[{"href":"https:\/\/archive.sana.sy\/tr\/index.php?rest_route=\/wp\/v2\/types\/post"}],"author":[{"embeddable":true,"href":"https:\/\/archive.sana.sy\/tr\/index.php?rest_route=\/wp\/v2\/users\/1"}],"replies":[{"embeddable":true,"href":"https:\/\/archive.sana.sy\/tr\/index.php?rest_route=%2Fwp%2Fv2%2Fcomments&post=7451"}],"version-history":[{"count":0,"href":"https:\/\/archive.sana.sy\/tr\/index.php?rest_route=\/wp\/v2\/posts\/7451\/revisions"}],"wp:featuredmedia":[{"embeddable":true,"href":"https:\/\/archive.sana.sy\/tr\/index.php?rest_route=\/wp\/v2\/media\/7452"}],"wp:attachment":[{"href":"https:\/\/archive.sana.sy\/tr\/index.php?rest_route=%2Fwp%2Fv2%2Fmedia&parent=7451"}],"wp:term":[{"taxonomy":"category","embeddable":true,"href":"https:\/\/archive.sana.sy\/tr\/index.php?rest_route=%2Fwp%2Fv2%2Fcategories&post=7451"},{"taxonomy":"post_tag","embeddable":true,"href":"https:\/\/archive.sana.sy\/tr\/index.php?rest_route=%2Fwp%2Fv2%2Ftags&post=7451"}],"curies":[{"name":"wp","href":"https:\/\/api.w.org\/{rel}","templated":true}]}}