{"id":74525,"date":"2016-05-29T12:00:46","date_gmt":"2016-05-29T09:00:46","guid":{"rendered":"http:\/\/www.sana.sy\/tr\/?p=74525"},"modified":"2016-05-30T15:46:52","modified_gmt":"2016-05-30T12:46:52","slug":"tekfirciler-onlarca-aracla-birlikte-imha-edildi","status":"publish","type":"post","link":"https:\/\/archive.sana.sy\/tr\/?p=74525","title":{"rendered":"Tekfirciler Onlarca Ara\u00e7la Birlikte \u0130mha Edildi(video)"},"content":{"rendered":"<p>\u0130LLER &#8211; Belli ba\u015fl\u0131 devletlerin destekledikleri I\u015e\u0130D, Nusra Cephesi ve daha ba\u015fka isimler alt\u0131nda faaliyet g\u00f6steren ter\u00f6ristlere kar\u015f\u0131 operasyonlar\u0131nda ordu birliklerimiz bug\u00fcn onlarca ara\u00e7la birlikte olduk\u00e7a y\u00fcksek say\u0131da ter\u00f6risti etkisiz hale getirdi.<\/p>\n<p><span style=\"color: #0000ff\">HOMS:<\/span><\/p>\n<p>SANA\u2019ya a\u00e7\u0131klama yapan askeri bir kaynak hava g\u00fc\u00e7lerimizin bug\u00fcn sabah saatlerinde Homs k\u0131rsal\u0131n\u0131n do\u011fusu Suhna Beldesi ve do\u011fusuna ilaveten Teyba, Unk el Hava ve Ebu el Havadid k\u00f6ylerinde I\u015e\u0130D\u2019in hareket ve mevkilerine nitelikli operasyonlarda bulunduklar\u0131n\u0131 belirtti.<\/p>\n<p>Kaynak operasyonlarda bir k\u0131sm\u0131 a\u011f\u0131r silahlarla donat\u0131lm\u0131\u015f, bir k\u0131sm\u0131 da cephane y\u00fckl\u00fc onlarca arac\u0131n imha edildi\u011fini, aralar\u0131nda saha komutanlar\u0131 ve yabanc\u0131lar\u0131n bulundu\u011fu y\u00fcksek say\u0131da tekfircinin de \u00f6ld\u00fcr\u00fcld\u00fc\u011f\u00fcn\u00fc aktard\u0131.<\/p>\n<p>Homs Kentinin yakla\u015f\u0131k 105 km do\u011fusuna d\u00fc\u015fen Rhum K\u00f6y\u00fcnde de I\u015e\u0130D\u2019in destek hatlar\u0131 ve mevkilerinin hava operasyonlar\u0131yla imha edildi\u011fini belirten kaynak; burada da destek hatlar\u0131yla birlikte \u00e7ok say\u0131da arac\u0131n\u0131n \u00e7ok say\u0131da ter\u00f6ristle birlikte imha edildi\u011fini s\u00f6zlerine ekledi.<\/p>\n<p>G\u00fcn\u00fcn ilerleyen saatlerinde SANA\u2019ya a\u00e7\u0131klama yapan askeri bir kaynak ordu birliklerimizin Homs k\u0131rsal\u0131n\u0131n g\u00fcneydo\u011fusu Barida B\u00f6lgesinde I\u015e\u0130D tekfircilerine ait cephane y\u00fckl\u00fc 4 b\u00fcy\u00fck arac\u0131 y\u00fckleri ve ter\u00f6rist ekipleriyle birlikte imha ettiklerini belirtti<\/p>\n<p><span style=\"color: #0000ff\">HAMA:<\/span><\/p>\n<p>Hama\u2019dan askeri bir kaynak SANA\u2019ya a\u00e7\u0131klamas\u0131nda ordu birliklerimizin bug\u00fcn il k\u0131rsal\u0131n\u0131n kuzeyinde Erdo\u011fan ve Al Suud rejimleri taraf\u0131ndan \u2018Fetih Ordusu\u2019 ad\u0131 alt\u0131nda desteklenen \u00e7okuluslu tekfirci ter\u00f6ristlerden en az\u0131ndan 35 ter\u00f6ristin \u00f6ld\u00fcr\u00fcld\u00fc\u011f\u00fcn\u00fc aktard\u0131.<\/p>\n<p>Kaynak ordu birliklerimizin sabah\u0131n erken saatlerinde Tel Bzam ve Tel Hveyr\u2019in yan\u0131 s\u0131ra Morik\u2019in do\u011fusunda askeri mevkilere sald\u0131r\u0131 giri\u015fimlerinde bulunan Nusra Cephesi, Ahrar el \u015eam \u0130slami Hareketi ve \u0130slami Cephe\u2019ye tabi ter\u00f6r gruplar\u0131yla \u015fiddetli \u00e7at\u0131\u015fmalara girdiklerini s\u00f6yledi. Sald\u0131r\u0131lar\u0131n ba\u015far\u0131yla \u00e7\u00f6kertildi\u011fini belirten kaynak; \u015fiddetli \u00e7at\u0131\u015fmalarda 35\u2019ten fazla ter\u00f6ristin \u00f6l\u00fc, onlarcas\u0131n\u0131n da yaral\u0131 d\u00fc\u015f\u00fcr\u00fcld\u00fc\u011f\u00fcn\u00fc, 57 mm kalibreli bir topun yan\u0131 s\u0131ra bir f\u00fcze bataryas\u0131 ve a\u011f\u0131r silahlarla donat\u0131lm\u0131\u015f 6 arac\u0131n ter\u00f6rist ekipleriyle birlikte imha edildiklerini aktard\u0131.<\/p>\n<p><span style=\"color: #0000ff\">DEYREZZOR:<\/span><\/p>\n<p>Di\u011fer yandan Deyrezzor\u2019da askeri bir kaynak hava g\u00fc\u00e7lerimizin Deyrezzor Havaliman\u0131 yak\u0131nlar\u0131na d\u00fc\u015fen Serda Da\u011f\u0131 civar\u0131n\u0131n yan\u0131 s\u0131ra Deyrezzor Kentinin g\u00fcneybat\u0131 kenarlar\u0131na d\u00fc\u015fen Panorama B\u00f6lgesinde I\u015e\u0130D mevkileri ve ara\u00e7lar\u0131na odaklanan bir dizi operasyon ger\u00e7ekle\u015ftirdiklerini belirtti.<\/p>\n<p>Kaynak hava operasyonlar\u0131nda I\u015e\u0130D\u2019e ait bir k\u0131sm\u0131 a\u011f\u0131r silahlarla donat\u0131lm\u0131\u015f \u00e7ok say\u0131da arac\u0131n imha edildi\u011fini, onlarca ter\u00f6ristin de \u00f6ld\u00fcr\u00fcld\u00fc\u011f\u00fcn\u00fc s\u00f6yledi.<\/p>\n<p>Tekfirci ter\u00f6r \u00f6rg\u00fct\u00fc I\u015e\u0130D; ordu birliklerimizin operasyonlar\u0131 s\u0131rada \u00f6rg\u00fctte bariz bir sorumlu olarak nitelendirdi\u011fi \u2018Berha\u015f Ebu Ekrem Tanzim\u2019 lakab\u0131yla bilinen \u0130brahim Ubeyd el Sari\u2019nin \u00f6ld\u00fc\u011f\u00fcn\u00fc itiraf etti.<\/p>\n<p>https:\/\/youtu.be\/xDWjfidPLTc<\/p>\n<p>R.H.<\/p>\n","protected":false},"excerpt":{"rendered":"<p>\u0130LLER &#8211; Belli ba\u015fl\u0131 devletlerin destekledikleri I\u015e\u0130D, Nusra Cephesi ve daha ba\u015fka isimler alt\u0131nda faaliyet g\u00f6steren ter\u00f6ristlere kar\u015f\u0131 operasyonlar\u0131nda ordu birliklerimiz bug\u00fcn onlarca ara\u00e7la birlikte olduk\u00e7a y\u00fcksek say\u0131da ter\u00f6risti etkisiz hale getirdi. HOMS: SANA\u2019ya a\u00e7\u0131klama yapan askeri bir kaynak hava g\u00fc\u00e7lerimizin bug\u00fcn sabah saatlerinde Homs k\u0131rsal\u0131n\u0131n do\u011fusu Suhna Beldesi ve do\u011fusuna ilaveten Teyba, Unk el &hellip;<\/p>\n","protected":false},"author":1,"featured_media":74538,"comment_status":"closed","ping_status":"closed","sticky":false,"template":"","format":"standard","meta":{"footnotes":""},"categories":[575],"tags":[18237,2318,15945,21436,18347,19209,18674,11549,19034,17320,21437],"class_list":["post-74525","post","type-post","status-publish","format-standard","has-post-thumbnail","","category-olaylar-ve-gercekler","tag-cihatcilar","tag-isid","tag-ilimli-muhalifler","tag-nursa-cephesi","tag-oso","tag-radikaller","tag-silahli-muhalifler","tag-suriye-ordusu","tag-suriyeli-muhalifler","tag-tekfirciler","tag-terroristler"],"_links":{"self":[{"href":"https:\/\/archive.sana.sy\/tr\/index.php?rest_route=\/wp\/v2\/posts\/74525","targetHints":{"allow":["GET"]}}],"collection":[{"href":"https:\/\/archive.sana.sy\/tr\/index.php?rest_route=\/wp\/v2\/posts"}],"about":[{"href":"https:\/\/archive.sana.sy\/tr\/index.php?rest_route=\/wp\/v2\/types\/post"}],"author":[{"embeddable":true,"href":"https:\/\/archive.sana.sy\/tr\/index.php?rest_route=\/wp\/v2\/users\/1"}],"replies":[{"embeddable":true,"href":"https:\/\/archive.sana.sy\/tr\/index.php?rest_route=%2Fwp%2Fv2%2Fcomments&post=74525"}],"version-history":[{"count":0,"href":"https:\/\/archive.sana.sy\/tr\/index.php?rest_route=\/wp\/v2\/posts\/74525\/revisions"}],"wp:featuredmedia":[{"embeddable":true,"href":"https:\/\/archive.sana.sy\/tr\/index.php?rest_route=\/wp\/v2\/media\/74538"}],"wp:attachment":[{"href":"https:\/\/archive.sana.sy\/tr\/index.php?rest_route=%2Fwp%2Fv2%2Fmedia&parent=74525"}],"wp:term":[{"taxonomy":"category","embeddable":true,"href":"https:\/\/archive.sana.sy\/tr\/index.php?rest_route=%2Fwp%2Fv2%2Fcategories&post=74525"},{"taxonomy":"post_tag","embeddable":true,"href":"https:\/\/archive.sana.sy\/tr\/index.php?rest_route=%2Fwp%2Fv2%2Ftags&post=74525"}],"curies":[{"name":"wp","href":"https:\/\/api.w.org\/{rel}","templated":true}]}}