{"id":74526,"date":"2016-05-29T09:52:38","date_gmt":"2016-05-29T06:52:38","guid":{"rendered":"http:\/\/www.sana.sy\/tr\/?p=74526"},"modified":"2016-05-29T13:56:26","modified_gmt":"2016-05-29T10:56:26","slug":"sanaya-aciklama-yapan-askeri-bir-kaynak-hava-guclerimizin-bugun-sabah-saatlerinde-homs-kirsalinin-dogusu-suhna-beldesi-ve-dogusuna-ilaveten-teyba-unk-el-hava-ve-ebu-el-havadid-koylerinde-isi","status":"publish","type":"post","link":"https:\/\/archive.sana.sy\/tr\/?p=74526","title":{"rendered":"SANA\u2019ya a\u00e7\u0131klama yapan askeri bir kaynak hava g\u00fc\u00e7lerimizin bug\u00fcn sabah saatlerinde Homs k\u0131rsal\u0131n\u0131n do\u011fusu Suhna Beldesi ve do\u011fusuna ilaveten Teyba, Unk el Hava ve Ebu el Havadid k\u00f6ylerinde I\u015e\u0130D\u2019in hareket ve mevkilerine nitelikli operasyonlarda bulunduklar\u0131n\u0131 belirtti"},"content":{"rendered":"<p>SANA\u2019ya a\u00e7\u0131klama yapan askeri bir kaynak hava g\u00fc\u00e7lerimizin bug\u00fcn sabah saatlerinde Homs k\u0131rsal\u0131n\u0131n do\u011fusu Suhna Beldesi ve do\u011fusuna ilaveten Teyba, Unk el Hava ve Ebu el Havadid k\u00f6ylerinde I\u015e\u0130D\u2019in hareket ve mevkilerine nitelikli operasyonlarda bulunduklar\u0131n\u0131 belirtti<\/p>\n","protected":false},"excerpt":{"rendered":"<p>SANA\u2019ya a\u00e7\u0131klama yapan askeri bir kaynak hava g\u00fc\u00e7lerimizin bug\u00fcn sabah saatlerinde Homs k\u0131rsal\u0131n\u0131n do\u011fusu Suhna Beldesi ve do\u011fusuna ilaveten Teyba, Unk el Hava ve Ebu el Havadid k\u00f6ylerinde I\u015e\u0130D\u2019in hareket ve mevkilerine nitelikli operasyonlarda bulunduklar\u0131n\u0131 belirtti<\/p>\n","protected":false},"author":1,"featured_media":0,"comment_status":"closed","ping_status":"closed","sticky":false,"template":"","format":"standard","meta":{"footnotes":""},"categories":[17991],"tags":[],"class_list":["post-74526","post","type-post","status-publish","format-standard","","category-son-dakika"],"_links":{"self":[{"href":"https:\/\/archive.sana.sy\/tr\/index.php?rest_route=\/wp\/v2\/posts\/74526","targetHints":{"allow":["GET"]}}],"collection":[{"href":"https:\/\/archive.sana.sy\/tr\/index.php?rest_route=\/wp\/v2\/posts"}],"about":[{"href":"https:\/\/archive.sana.sy\/tr\/index.php?rest_route=\/wp\/v2\/types\/post"}],"author":[{"embeddable":true,"href":"https:\/\/archive.sana.sy\/tr\/index.php?rest_route=\/wp\/v2\/users\/1"}],"replies":[{"embeddable":true,"href":"https:\/\/archive.sana.sy\/tr\/index.php?rest_route=%2Fwp%2Fv2%2Fcomments&post=74526"}],"version-history":[{"count":0,"href":"https:\/\/archive.sana.sy\/tr\/index.php?rest_route=\/wp\/v2\/posts\/74526\/revisions"}],"wp:attachment":[{"href":"https:\/\/archive.sana.sy\/tr\/index.php?rest_route=%2Fwp%2Fv2%2Fmedia&parent=74526"}],"wp:term":[{"taxonomy":"category","embeddable":true,"href":"https:\/\/archive.sana.sy\/tr\/index.php?rest_route=%2Fwp%2Fv2%2Fcategories&post=74526"},{"taxonomy":"post_tag","embeddable":true,"href":"https:\/\/archive.sana.sy\/tr\/index.php?rest_route=%2Fwp%2Fv2%2Ftags&post=74526"}],"curies":[{"name":"wp","href":"https:\/\/api.w.org\/{rel}","templated":true}]}}