{"id":74530,"date":"2016-05-29T09:12:21","date_gmt":"2016-05-29T06:12:21","guid":{"rendered":"http:\/\/www.sana.sy\/tr\/?p=74530"},"modified":"2016-05-29T14:03:38","modified_gmt":"2016-05-29T11:03:38","slug":"deyrezzorda-askeri-bir-kaynak-hava-guclerimizin-deyrezzor-havalimani-yakinlarina-dusen-serda-dagi-civarinin-yani-sira-deyrezzor-kentinin-guneybati-kenarlarina-dusen-panorama-bolgesinde-isid-m","status":"publish","type":"post","link":"https:\/\/archive.sana.sy\/tr\/?p=74530","title":{"rendered":"Deyrezzor\u2019da askeri bir kaynak hava g\u00fc\u00e7lerimizin Deyrezzor Havaliman\u0131 yak\u0131nlar\u0131na d\u00fc\u015fen Serda Da\u011f\u0131 civar\u0131n\u0131n yan\u0131 s\u0131ra Deyrezzor Kentinin g\u00fcneybat\u0131 kenarlar\u0131na d\u00fc\u015fen Panorama B\u00f6lgesinde I\u015e\u0130D mevkileri ve ara\u00e7lar\u0131na odaklanan bir dizi operasyon ger\u00e7ekle\u015ftirdiklerini belirtti"},"content":{"rendered":"<p>Deyrezzor\u2019da askeri bir kaynak hava g\u00fc\u00e7lerimizin Deyrezzor Havaliman\u0131 yak\u0131nlar\u0131na d\u00fc\u015fen Serda Da\u011f\u0131 civar\u0131n\u0131n yan\u0131 s\u0131ra Deyrezzor Kentinin g\u00fcneybat\u0131 kenarlar\u0131na d\u00fc\u015fen Panorama B\u00f6lgesinde I\u015e\u0130D mevkileri ve ara\u00e7lar\u0131na odaklanan bir dizi operasyon ger\u00e7ekle\u015ftirdiklerini belirtti<\/p>\n","protected":false},"excerpt":{"rendered":"<p>Deyrezzor\u2019da askeri bir kaynak hava g\u00fc\u00e7lerimizin Deyrezzor Havaliman\u0131 yak\u0131nlar\u0131na d\u00fc\u015fen Serda Da\u011f\u0131 civar\u0131n\u0131n yan\u0131 s\u0131ra Deyrezzor Kentinin g\u00fcneybat\u0131 kenarlar\u0131na d\u00fc\u015fen Panorama B\u00f6lgesinde I\u015e\u0130D mevkileri ve ara\u00e7lar\u0131na odaklanan bir dizi operasyon ger\u00e7ekle\u015ftirdiklerini belirtti<\/p>\n","protected":false},"author":1,"featured_media":0,"comment_status":"closed","ping_status":"closed","sticky":false,"template":"","format":"standard","meta":{"footnotes":""},"categories":[17991],"tags":[],"class_list":["post-74530","post","type-post","status-publish","format-standard","","category-son-dakika"],"_links":{"self":[{"href":"https:\/\/archive.sana.sy\/tr\/index.php?rest_route=\/wp\/v2\/posts\/74530","targetHints":{"allow":["GET"]}}],"collection":[{"href":"https:\/\/archive.sana.sy\/tr\/index.php?rest_route=\/wp\/v2\/posts"}],"about":[{"href":"https:\/\/archive.sana.sy\/tr\/index.php?rest_route=\/wp\/v2\/types\/post"}],"author":[{"embeddable":true,"href":"https:\/\/archive.sana.sy\/tr\/index.php?rest_route=\/wp\/v2\/users\/1"}],"replies":[{"embeddable":true,"href":"https:\/\/archive.sana.sy\/tr\/index.php?rest_route=%2Fwp%2Fv2%2Fcomments&post=74530"}],"version-history":[{"count":0,"href":"https:\/\/archive.sana.sy\/tr\/index.php?rest_route=\/wp\/v2\/posts\/74530\/revisions"}],"wp:attachment":[{"href":"https:\/\/archive.sana.sy\/tr\/index.php?rest_route=%2Fwp%2Fv2%2Fmedia&parent=74530"}],"wp:term":[{"taxonomy":"category","embeddable":true,"href":"https:\/\/archive.sana.sy\/tr\/index.php?rest_route=%2Fwp%2Fv2%2Fcategories&post=74530"},{"taxonomy":"post_tag","embeddable":true,"href":"https:\/\/archive.sana.sy\/tr\/index.php?rest_route=%2Fwp%2Fv2%2Ftags&post=74530"}],"curies":[{"name":"wp","href":"https:\/\/api.w.org\/{rel}","templated":true}]}}