{"id":74542,"date":"2016-05-29T10:20:24","date_gmt":"2016-05-29T07:20:24","guid":{"rendered":"http:\/\/www.sana.sy\/tr\/?p=74542"},"modified":"2016-05-29T14:42:24","modified_gmt":"2016-05-29T11:42:24","slug":"hamadan-askeri-bir-kaynak-sanaya-aciklamasinda-ordu-birliklerimizin-bugun-il-kirsalinin-kuzeyinde-erdogan-ve-al-suud-rejimleri-tarafindan-fetih-ordusu-adi-altinda-d","status":"publish","type":"post","link":"https:\/\/archive.sana.sy\/tr\/?p=74542","title":{"rendered":"Hama\u2019dan askeri bir kaynak SANA\u2019ya a\u00e7\u0131klamas\u0131nda ordu birliklerimizin bug\u00fcn il k\u0131rsal\u0131n\u0131n kuzeyinde Erdo\u011fan ve Al Suud rejimleri taraf\u0131ndan \u2018Fetih Ordusu\u2019 ad\u0131 alt\u0131nda desteklenen \u00e7okuluslu tekfirci ter\u00f6ristlerden en az\u0131ndan 35 ter\u00f6ristin \u00f6ld\u00fcr\u00fcld\u00fc\u011f\u00fcn\u00fc aktard\u0131"},"content":{"rendered":"<p>Hama\u2019dan askeri bir kaynak SANA\u2019ya a\u00e7\u0131klamas\u0131nda ordu birliklerimizin bug\u00fcn il k\u0131rsal\u0131n\u0131n kuzeyinde Erdo\u011fan ve Al Suud rejimleri taraf\u0131ndan \u2018Fetih Ordusu\u2019 ad\u0131 alt\u0131nda desteklenen \u00e7okuluslu tekfirci ter\u00f6ristlerden en az\u0131ndan 35 ter\u00f6ristin \u00f6ld\u00fcr\u00fcld\u00fc\u011f\u00fcn\u00fc aktard\u0131<\/p>\n","protected":false},"excerpt":{"rendered":"<p>Hama\u2019dan askeri bir kaynak SANA\u2019ya a\u00e7\u0131klamas\u0131nda ordu birliklerimizin bug\u00fcn il k\u0131rsal\u0131n\u0131n kuzeyinde Erdo\u011fan ve Al Suud rejimleri taraf\u0131ndan \u2018Fetih Ordusu\u2019 ad\u0131 alt\u0131nda desteklenen \u00e7okuluslu tekfirci ter\u00f6ristlerden en az\u0131ndan 35 ter\u00f6ristin \u00f6ld\u00fcr\u00fcld\u00fc\u011f\u00fcn\u00fc aktard\u0131<\/p>\n","protected":false},"author":1,"featured_media":0,"comment_status":"closed","ping_status":"closed","sticky":false,"template":"","format":"standard","meta":{"footnotes":""},"categories":[17991],"tags":[],"class_list":["post-74542","post","type-post","status-publish","format-standard","","category-son-dakika"],"_links":{"self":[{"href":"https:\/\/archive.sana.sy\/tr\/index.php?rest_route=\/wp\/v2\/posts\/74542","targetHints":{"allow":["GET"]}}],"collection":[{"href":"https:\/\/archive.sana.sy\/tr\/index.php?rest_route=\/wp\/v2\/posts"}],"about":[{"href":"https:\/\/archive.sana.sy\/tr\/index.php?rest_route=\/wp\/v2\/types\/post"}],"author":[{"embeddable":true,"href":"https:\/\/archive.sana.sy\/tr\/index.php?rest_route=\/wp\/v2\/users\/1"}],"replies":[{"embeddable":true,"href":"https:\/\/archive.sana.sy\/tr\/index.php?rest_route=%2Fwp%2Fv2%2Fcomments&post=74542"}],"version-history":[{"count":0,"href":"https:\/\/archive.sana.sy\/tr\/index.php?rest_route=\/wp\/v2\/posts\/74542\/revisions"}],"wp:attachment":[{"href":"https:\/\/archive.sana.sy\/tr\/index.php?rest_route=%2Fwp%2Fv2%2Fmedia&parent=74542"}],"wp:term":[{"taxonomy":"category","embeddable":true,"href":"https:\/\/archive.sana.sy\/tr\/index.php?rest_route=%2Fwp%2Fv2%2Fcategories&post=74542"},{"taxonomy":"post_tag","embeddable":true,"href":"https:\/\/archive.sana.sy\/tr\/index.php?rest_route=%2Fwp%2Fv2%2Ftags&post=74542"}],"curies":[{"name":"wp","href":"https:\/\/api.w.org\/{rel}","templated":true}]}}