{"id":74544,"date":"2016-05-29T10:31:25","date_gmt":"2016-05-29T07:31:25","guid":{"rendered":"http:\/\/www.sana.sy\/tr\/?p=74544"},"modified":"2016-05-29T14:49:10","modified_gmt":"2016-05-29T11:49:10","slug":"saldirilarin-basariyla-cokertildigini-belirten-kaynak-siddetli-catismalarda-35ten-fazla-teroristin-olu-onlarcasinin-da-yarali-dusuruldugunu-57-mm-kalibreli-bir-topun-yani-sira-bir-fuze-bat","status":"publish","type":"post","link":"https:\/\/archive.sana.sy\/tr\/?p=74544","title":{"rendered":"Sald\u0131r\u0131lar\u0131n ba\u015far\u0131yla \u00e7\u00f6kertildi\u011fini belirten kaynak; \u015fiddetli \u00e7at\u0131\u015fmalarda 35\u2019ten fazla ter\u00f6ristin \u00f6l\u00fc, onlarcas\u0131n\u0131n da yaral\u0131 d\u00fc\u015f\u00fcr\u00fcld\u00fc\u011f\u00fcn\u00fc, 57 mm kalibreli bir topun yan\u0131 s\u0131ra bir f\u00fcze bataryas\u0131 ve a\u011f\u0131r silahlarla donat\u0131lm\u0131\u015f 6 arac\u0131n ter\u00f6rist ekipleriyle birlikte imha edildiklerini aktard\u0131"},"content":{"rendered":"<p>Sald\u0131r\u0131lar\u0131n ba\u015far\u0131yla \u00e7\u00f6kertildi\u011fini belirten kaynak; \u015fiddetli \u00e7at\u0131\u015fmalarda 35\u2019ten fazla ter\u00f6ristin \u00f6l\u00fc, onlarcas\u0131n\u0131n da yaral\u0131 d\u00fc\u015f\u00fcr\u00fcld\u00fc\u011f\u00fcn\u00fc, 57 mm kalibreli bir topun yan\u0131 s\u0131ra bir f\u00fcze bataryas\u0131 ve a\u011f\u0131r silahlarla donat\u0131lm\u0131\u015f 6 arac\u0131n ter\u00f6rist ekipleriyle birlikte imha edildiklerini aktard\u0131<\/p>\n","protected":false},"excerpt":{"rendered":"<p>Sald\u0131r\u0131lar\u0131n ba\u015far\u0131yla \u00e7\u00f6kertildi\u011fini belirten kaynak; \u015fiddetli \u00e7at\u0131\u015fmalarda 35\u2019ten fazla ter\u00f6ristin \u00f6l\u00fc, onlarcas\u0131n\u0131n da yaral\u0131 d\u00fc\u015f\u00fcr\u00fcld\u00fc\u011f\u00fcn\u00fc, 57 mm kalibreli bir topun yan\u0131 s\u0131ra bir f\u00fcze bataryas\u0131 ve a\u011f\u0131r silahlarla donat\u0131lm\u0131\u015f 6 arac\u0131n ter\u00f6rist ekipleriyle birlikte imha edildiklerini aktard\u0131<\/p>\n","protected":false},"author":1,"featured_media":0,"comment_status":"closed","ping_status":"closed","sticky":false,"template":"","format":"standard","meta":{"footnotes":""},"categories":[17991],"tags":[],"class_list":["post-74544","post","type-post","status-publish","format-standard","","category-son-dakika"],"_links":{"self":[{"href":"https:\/\/archive.sana.sy\/tr\/index.php?rest_route=\/wp\/v2\/posts\/74544","targetHints":{"allow":["GET"]}}],"collection":[{"href":"https:\/\/archive.sana.sy\/tr\/index.php?rest_route=\/wp\/v2\/posts"}],"about":[{"href":"https:\/\/archive.sana.sy\/tr\/index.php?rest_route=\/wp\/v2\/types\/post"}],"author":[{"embeddable":true,"href":"https:\/\/archive.sana.sy\/tr\/index.php?rest_route=\/wp\/v2\/users\/1"}],"replies":[{"embeddable":true,"href":"https:\/\/archive.sana.sy\/tr\/index.php?rest_route=%2Fwp%2Fv2%2Fcomments&post=74544"}],"version-history":[{"count":0,"href":"https:\/\/archive.sana.sy\/tr\/index.php?rest_route=\/wp\/v2\/posts\/74544\/revisions"}],"wp:attachment":[{"href":"https:\/\/archive.sana.sy\/tr\/index.php?rest_route=%2Fwp%2Fv2%2Fmedia&parent=74544"}],"wp:term":[{"taxonomy":"category","embeddable":true,"href":"https:\/\/archive.sana.sy\/tr\/index.php?rest_route=%2Fwp%2Fv2%2Fcategories&post=74544"},{"taxonomy":"post_tag","embeddable":true,"href":"https:\/\/archive.sana.sy\/tr\/index.php?rest_route=%2Fwp%2Fv2%2Ftags&post=74544"}],"curies":[{"name":"wp","href":"https:\/\/api.w.org\/{rel}","templated":true}]}}