{"id":74546,"date":"2016-05-29T10:48:57","date_gmt":"2016-05-29T07:48:57","guid":{"rendered":"http:\/\/www.sana.sy\/tr\/?p=74546"},"modified":"2016-05-29T15:00:42","modified_gmt":"2016-05-29T12:00:42","slug":"ahrar-el-sam-islami-hareketi-ve-isidin-gecen-pazartesi-gunu-intihar-eylemcisi-tekfirci-bir-terorist-araciligi-ile-havaya-ucurdugu-ceble-devlet-hastanesi-yeniden-hizmete-basladi","status":"publish","type":"post","link":"https:\/\/archive.sana.sy\/tr\/?p=74546","title":{"rendered":"Ahrar el \u015eam \u0130slami Hareketi ve I\u015e\u0130D\u2019in ge\u00e7en Pazartesi g\u00fcn\u00fc intihar eylemcisi tekfirci bir ter\u00f6rist arac\u0131l\u0131\u011f\u0131 ile havaya u\u00e7urdu\u011fu Ceble Devlet Hastanesi yeniden hizmete ba\u015flad\u0131"},"content":{"rendered":"<p>Ahrar el \u015eam \u0130slami Hareketi ve I\u015e\u0130D\u2019in ge\u00e7en Pazartesi g\u00fcn\u00fc intihar eylemcisi tekfirci bir ter\u00f6rist arac\u0131l\u0131\u011f\u0131 ile havaya u\u00e7urdu\u011fu Ceble Devlet Hastanesi yeniden hizmete ba\u015flad\u0131<\/p>\n","protected":false},"excerpt":{"rendered":"<p>Ahrar el \u015eam \u0130slami Hareketi ve I\u015e\u0130D\u2019in ge\u00e7en Pazartesi g\u00fcn\u00fc intihar eylemcisi tekfirci bir ter\u00f6rist arac\u0131l\u0131\u011f\u0131 ile havaya u\u00e7urdu\u011fu Ceble Devlet Hastanesi yeniden hizmete ba\u015flad\u0131<\/p>\n","protected":false},"author":1,"featured_media":0,"comment_status":"closed","ping_status":"closed","sticky":false,"template":"","format":"standard","meta":{"footnotes":""},"categories":[17991],"tags":[],"class_list":["post-74546","post","type-post","status-publish","format-standard","","category-son-dakika"],"_links":{"self":[{"href":"https:\/\/archive.sana.sy\/tr\/index.php?rest_route=\/wp\/v2\/posts\/74546","targetHints":{"allow":["GET"]}}],"collection":[{"href":"https:\/\/archive.sana.sy\/tr\/index.php?rest_route=\/wp\/v2\/posts"}],"about":[{"href":"https:\/\/archive.sana.sy\/tr\/index.php?rest_route=\/wp\/v2\/types\/post"}],"author":[{"embeddable":true,"href":"https:\/\/archive.sana.sy\/tr\/index.php?rest_route=\/wp\/v2\/users\/1"}],"replies":[{"embeddable":true,"href":"https:\/\/archive.sana.sy\/tr\/index.php?rest_route=%2Fwp%2Fv2%2Fcomments&post=74546"}],"version-history":[{"count":0,"href":"https:\/\/archive.sana.sy\/tr\/index.php?rest_route=\/wp\/v2\/posts\/74546\/revisions"}],"wp:attachment":[{"href":"https:\/\/archive.sana.sy\/tr\/index.php?rest_route=%2Fwp%2Fv2%2Fmedia&parent=74546"}],"wp:term":[{"taxonomy":"category","embeddable":true,"href":"https:\/\/archive.sana.sy\/tr\/index.php?rest_route=%2Fwp%2Fv2%2Fcategories&post=74546"},{"taxonomy":"post_tag","embeddable":true,"href":"https:\/\/archive.sana.sy\/tr\/index.php?rest_route=%2Fwp%2Fv2%2Ftags&post=74546"}],"curies":[{"name":"wp","href":"https:\/\/api.w.org\/{rel}","templated":true}]}}