{"id":74549,"date":"2016-05-29T15:39:45","date_gmt":"2016-05-29T12:39:45","guid":{"rendered":"http:\/\/www.sana.sy\/tr\/?p=74549"},"modified":"2016-05-30T11:23:33","modified_gmt":"2016-05-30T08:23:33","slug":"ahrar-el-samin-havaya-ucurdugu-hastane-yeniden-hizmete-basladi","status":"publish","type":"post","link":"https:\/\/archive.sana.sy\/tr\/?p=74549","title":{"rendered":"Ahrar el \u015eam\u2019\u0131n Havaya U\u00e7urdu\u011fu Hastane Yeniden Hizmete Ba\u015flad\u0131"},"content":{"rendered":"<p>LAZK\u0130YE \u2013 Ahrar el \u015eam \u0130slami Hareketi ve I\u015e\u0130D\u2019in ge\u00e7en Pazartesi g\u00fcn\u00fc intihar eylemcisi tekfirci bir ter\u00f6rist arac\u0131l\u0131\u011f\u0131 ile havaya u\u00e7urdu\u011fu Ceble Devlet Hastanesi yeniden hizmete ba\u015flad\u0131.<\/p>\n<p>Lazkiye \u0130l Sa\u011fl\u0131k M\u00fcd\u00fcr\u00fc Ammar Gannam SANA\u2019ya a\u00e7\u0131klamas\u0131nda yo\u011fun \u00e7al\u0131\u015fmalar sonucunda hastanenin onar\u0131ld\u0131\u011f\u0131n\u0131, t\u0131bbi cihazlar\u0131n bir k\u0131sm\u0131n\u0131n de\u011fi\u015ftirilmesi ve gerekli sa\u011fl\u0131k ekibinin temin edilmesi ard\u0131ndan hastanenin tam kadro ve yo\u011fun bir \u015fekilde yeniden hizmete ba\u015flad\u0131\u011f\u0131n\u0131 belirtti.<\/p>\n<p>Gannam hastanenin acil servisinin de en k\u0131sa s\u00fcre i\u00e7inde onar\u0131laca\u011f\u0131n\u0131 ifade ederken, bu s\u00fcre i\u00e7inde Ceble\u2019de Birinci Sa\u011fl\u0131k Merkezinin acil servis olarak donat\u0131l\u0131p kullan\u0131ld\u0131\u011f\u0131n\u0131 belirtti.<\/p>\n","protected":false},"excerpt":{"rendered":"<p>LAZK\u0130YE \u2013 Ahrar el \u015eam \u0130slami Hareketi ve I\u015e\u0130D\u2019in ge\u00e7en Pazartesi g\u00fcn\u00fc intihar eylemcisi tekfirci bir ter\u00f6rist arac\u0131l\u0131\u011f\u0131 ile havaya u\u00e7urdu\u011fu Ceble Devlet Hastanesi yeniden hizmete ba\u015flad\u0131. Lazkiye \u0130l Sa\u011fl\u0131k M\u00fcd\u00fcr\u00fc Ammar Gannam SANA\u2019ya a\u00e7\u0131klamas\u0131nda yo\u011fun \u00e7al\u0131\u015fmalar sonucunda hastanenin onar\u0131ld\u0131\u011f\u0131n\u0131, t\u0131bbi cihazlar\u0131n bir k\u0131sm\u0131n\u0131n de\u011fi\u015ftirilmesi ve gerekli sa\u011fl\u0131k ekibinin temin edilmesi ard\u0131ndan hastanenin tam kadro &hellip;<\/p>\n","protected":false},"author":1,"featured_media":74551,"comment_status":"closed","ping_status":"closed","sticky":false,"template":"","format":"standard","meta":{"footnotes":""},"categories":[479,17988,478],"tags":[18345,21441,21443,21442],"class_list":["post-74549","post","type-post","status-publish","format-standard","has-post-thumbnail","","category-haberler-yerel","category-son-haberler","category-yerel","tag-ahrar-el-sam-islami-hareketi","tag-ceble-hastanesi","tag-hastane-onarildi","tag-hizmete-girdi"],"_links":{"self":[{"href":"https:\/\/archive.sana.sy\/tr\/index.php?rest_route=\/wp\/v2\/posts\/74549","targetHints":{"allow":["GET"]}}],"collection":[{"href":"https:\/\/archive.sana.sy\/tr\/index.php?rest_route=\/wp\/v2\/posts"}],"about":[{"href":"https:\/\/archive.sana.sy\/tr\/index.php?rest_route=\/wp\/v2\/types\/post"}],"author":[{"embeddable":true,"href":"https:\/\/archive.sana.sy\/tr\/index.php?rest_route=\/wp\/v2\/users\/1"}],"replies":[{"embeddable":true,"href":"https:\/\/archive.sana.sy\/tr\/index.php?rest_route=%2Fwp%2Fv2%2Fcomments&post=74549"}],"version-history":[{"count":0,"href":"https:\/\/archive.sana.sy\/tr\/index.php?rest_route=\/wp\/v2\/posts\/74549\/revisions"}],"wp:featuredmedia":[{"embeddable":true,"href":"https:\/\/archive.sana.sy\/tr\/index.php?rest_route=\/wp\/v2\/media\/74551"}],"wp:attachment":[{"href":"https:\/\/archive.sana.sy\/tr\/index.php?rest_route=%2Fwp%2Fv2%2Fmedia&parent=74549"}],"wp:term":[{"taxonomy":"category","embeddable":true,"href":"https:\/\/archive.sana.sy\/tr\/index.php?rest_route=%2Fwp%2Fv2%2Fcategories&post=74549"},{"taxonomy":"post_tag","embeddable":true,"href":"https:\/\/archive.sana.sy\/tr\/index.php?rest_route=%2Fwp%2Fv2%2Ftags&post=74549"}],"curies":[{"name":"wp","href":"https:\/\/api.w.org\/{rel}","templated":true}]}}