{"id":74554,"date":"2016-05-29T11:12:19","date_gmt":"2016-05-29T08:12:19","guid":{"rendered":"http:\/\/www.sana.sy\/tr\/?p=74554"},"modified":"2016-05-30T15:46:34","modified_gmt":"2016-05-30T12:46:34","slug":"somuru-ve-hegemonyaya-tarihi-direnis-devam-ediyor","status":"publish","type":"post","link":"https:\/\/archive.sana.sy\/tr\/?p=74554","title":{"rendered":"S\u00f6m\u00fcr\u00fc ve Hegemonyaya Tarihi Direni\u015f Devam Ediyor"},"content":{"rendered":"<p>\u015eAM \u2013 Osmanl\u0131n\u0131n 400 y\u0131l s\u00fcren s\u00f6m\u00fcr\u00fcs\u00fc ve i\u015fgali ard\u0131ndan Suriye\u2019ye giren s\u00f6m\u00fcrgeci Frans\u0131zlar 29 May\u0131s 1945 tarihinde s\u00f6m\u00fcr\u00fc ve hegemonyaya hay\u0131r diyen Suriye parlamentosunu a\u011f\u0131r silahlarla yo\u011fun ate\u015fe tutmu\u015f, parlamentoyu kahramanca savunan i\u00e7 g\u00fcvenlik g\u00fc\u00e7leri ve jandarmalar\u0131 \u015fehit etmi\u015fti.<\/p>\n<p>Ulusal egemenlik ve onurunu savunma kararl\u0131l\u0131\u011f\u0131yla bir\u00e7ok \u015fehidin d\u00fc\u015ft\u00fc\u011f\u00fc bu tarih; \u0130\u00e7 G\u00fcvenlik G\u00fc\u00e7lerimizin her y\u0131l ulusal etkinliklerle kutlad\u0131klar\u0131 g\u00fcn\u00a0haline geldi.<\/p>\n<p>Bu y\u0131l 71.\u2019si d\u00fczenlenen \u0130\u00e7 G\u00fcvenlik G\u00fc\u00e7leri G\u00fcn\u00fc\u00a0etkinlikleri de; vatan topraklar\u0131nda ulusal ba\u011f\u0131ms\u0131zl\u0131k ve egemenlik i\u00e7in verilen destans\u0131 direni\u015f ruhunu besleyen vatanseverlik ve vefa duygusunun bir yans\u0131mas\u0131n\u0131 te\u015fkil ediyor.<\/p>\n<p>S\u00f6m\u00fcrgeci Frans\u0131zlar vatan topraklar\u0131 \u00fczerinde yakla\u015f\u0131k 25 y\u0131l kald\u0131ktan sonra 1943 y\u0131l\u0131nda Suriye topraklar\u0131n\u0131n tamam\u0131ndan defedilerek, Suriye&#8217;nin istiklalini tan\u0131maya mecbur edildiler. \u0130kinci d\u00fcnya sava\u015f\u0131n\u0131n 8 May\u0131s 1945 tarihinde bitmesiyle birlikte Fransa s\u00f6m\u00fcrgecilik yoluna geri d\u00f6nm\u00fc\u015f baz\u0131 g\u00fc\u00e7lerini b\u00f6lgeye y\u0131\u011fmaya gayret g\u00f6stermi\u015f ve Suriye halk\u0131n\u0131n duygular\u0131n\u0131 provoke etmeye \u00e7al\u0131\u015fm\u0131\u015ft\u0131. Yeniden Suriye&#8217;ye ayak basmak i\u00e7in ulusalc\u0131 direni\u015f alevini s\u00f6nd\u00fcrmeye \u00e7al\u0131\u015fm\u0131\u015ft\u0131r.<br \/>\n29 May\u0131s 1945\u2019te Frans\u0131zlar hak ve \u00f6zg\u00fcrl\u00fcklere sald\u0131rmak ulusalc\u0131 duygular\u0131 yok etmek i\u00e7in askerlerini ve z\u0131rhl\u0131 ara\u00e7lar\u0131n\u0131 ba\u015fkent \u015eam sokaklar\u0131yla birlikte Suriye&#8217;nin di\u011fer baz\u0131 kentlerine y\u0131\u011farak Parlamento Binas\u0131n\u0131 da \u00e7embere alm\u0131\u015ft\u0131.<\/p>\n<p>O zaman\u0131n Frans\u0131z g\u00fc\u00e7leri komutan\u0131 General Oliva Rojee; Suriye parlamentosu ba\u015fkan\u0131ndan Frans\u0131z i\u015fgali ve s\u00f6m\u00fcr\u00fcs\u00fcne kar\u015f\u0131 direnen Suriye halk\u0131na kar\u015f\u0131 g\u00fc\u00e7 kullanarak halk direni\u015fini yok etmesini talep etmi\u015fti. Frans\u0131z general Suriye halk\u0131ndan intikam alma tehditleri savururken; parlamento ba\u015fkan\u0131ndan ayr\u0131ca parlamentoyu koruyan polis ve jandarmalardan parlamento binas\u0131 kar\u015f\u0131s\u0131ndaki Frans\u0131z genelkurmay ba\u015fkanl\u0131\u011f\u0131 binas\u0131 \u00fczerinde bulunan Frans\u0131z bayra\u011f\u0131na selam durmalar\u0131 \u015fart\u0131n\u0131 ileri s\u00fcrm\u00fc\u015ft\u00fc.<\/p>\n<p>S\u00f6z konusu tehdit yurtsever Suriyelilerden olumsuzlukla kar\u015f\u0131la\u015f\u0131nca i\u015fgalci s\u00f6m\u00fcr\u00fcc\u00fcler parlamento binas\u0131n\u0131 ate\u015f ya\u011fmuruna tuttu. Binay\u0131 koruyan i\u00e7 g\u00fcvenlik g\u00fc\u00e7leri ve jandarmalar Frans\u0131z g\u00fc\u00e7lerinin z\u0131rhl\u0131 ara\u00e7lar\u0131, toplar\u0131 ve taramal\u0131 silahlar\u0131na kar\u015f\u0131 kahramanca kar\u015f\u0131 koysalar da, 30 kadar aslan\u0131m\u0131z Frans\u0131z y\u00fczlerce askere kar\u015f\u0131 dengesiz bir \u00e7at\u0131\u015fman\u0131n i\u00e7ine girmi\u015flerdi. Korumac\u0131lar\u0131n cephaneleri bitince i\u015fgalci g\u00fc\u00e7ler taraf\u0131ndan yo\u011fun ve a\u011f\u0131r ate\u015fe maruz kalan parlamento binas\u0131nda yang\u0131n \u00e7\u0131km\u0131\u015f, baz\u0131 b\u00f6l\u00fcmleri y\u0131k\u0131lm\u0131\u015ft\u0131. Kin ve a\u011f\u0131r silahlarla donan\u0131ml\u0131 Frans\u0131z i\u015fgal askerleri de bunu f\u0131rsat bilerek binan\u0131n i\u00e7ine girmi\u015flerdi. Geriye sa\u011f kalanlar vah\u015fice katletmi\u015f 30 kahramandan sadece 2 kahraman\u0131m\u0131z sa\u011f kalabilmi\u015fti.<\/p>\n<p>S\u00f6m\u00fcr\u00fcc\u00fc Frans\u0131zlar\u0131n 29 May\u0131s sald\u0131r\u0131s\u0131 sadece parlamentoda i\u015fledikleri katliamla kalmam\u0131\u015f, bilakis daha \u00f6nceden haz\u0131rlanan plan gere\u011fince b\u00fct\u00fcn \u015eam ve Suriye&#8217;nin di\u011fer kent ve beldelerine uzanm\u0131\u015ft\u0131.<\/p>\n<p>Frans\u0131z s\u00f6m\u00fcrgecilerine kar\u015f\u0131 direni\u015f y\u0131llar\u0131 boyunca Suriye halk\u0131 can\u0131 ve kan\u0131yla \u00f6d\u00fcnler vermi\u015fti. Bug\u00fcn de Suriye halk\u0131 yine Fransa ve Osmanl\u0131 torunu Erdo\u011fan rejimi ba\u015fta olmak \u00fczere b\u00f6lgesel, Arap ve Bat\u0131l\u0131 bir k\u0131s\u0131m rejimlerin finans\u0131, deste\u011fi ve komutalar\u0131yla faaliyet g\u00f6steren \u00e7okuluslu tekfirci ve kiral\u0131k ter\u00f6ristlerle m\u00fccadele ediyor. Onur verici bu m\u00fccadelesinde de yine \u015fehit kanlar\u0131 ve kahraman duru\u015flar\u0131yla \u015fanl\u0131 destanlar yaz\u0131yor.<\/p>\n<p>Son olarak da Fransa, \u0130ngiltere ve Amerika ile birlikte en son geneli \u00e7ocuk ve kad\u0131nlardan y\u00fczden fazla sivilin \u015fehit d\u00fc\u015ft\u00fckleri Zara Katliam\u0131n\u0131n yan\u0131 s\u0131ra yine geneli \u00e7ocuk ve kad\u0131nlardan olu\u015fan 400&#8217;den fazla sivilin \u015fehit ve yaral\u0131 d\u00fc\u015ft\u00fckleri Tartus ve Ceble\u2019de ya\u015fanan bombal\u0131 ter\u00f6r eylemlerini kendisinin d\u00fczenledi\u011fini aleni olarak a\u00e7\u0131klayan Ahrar el \u015eam \u0130slami Hareketinin BMGK\u2019de uluslar aras\u0131 ter\u00f6r \u00f6rg\u00fctleri listesine al\u0131nmas\u0131n\u0131 \u0131srarla engellemi\u015fti.<br \/>\nTarih boyunca direnen ve s\u00f6m\u00fcrgecilerle \u00e7at\u0131\u015f\u0131p defeden Suriye halk\u0131 bug\u00fcn kahraman ordusu ve cesur g\u00fcvenlik g\u00fc\u00e7leriyle ayn\u0131 safta ter\u00f6r ve destek\u00e7ilerine ayn\u0131 kararl\u0131l\u0131k ve azimle m\u00fccadelesini s\u00fcrd\u00fcrmektedir. Hakl\u0131 ve me\u015fru direni\u015fte de Suriye&#8217;nin \u015fanl\u0131 zaferi de yak\u0131nd\u0131r.<\/p>\n","protected":false},"excerpt":{"rendered":"<p>\u015eAM \u2013 Osmanl\u0131n\u0131n 400 y\u0131l s\u00fcren s\u00f6m\u00fcr\u00fcs\u00fc ve i\u015fgali ard\u0131ndan Suriye\u2019ye giren s\u00f6m\u00fcrgeci Frans\u0131zlar 29 May\u0131s 1945 tarihinde s\u00f6m\u00fcr\u00fc ve hegemonyaya hay\u0131r diyen Suriye parlamentosunu a\u011f\u0131r silahlarla yo\u011fun ate\u015fe tutmu\u015f, parlamentoyu kahramanca savunan i\u00e7 g\u00fcvenlik g\u00fc\u00e7leri ve jandarmalar\u0131 \u015fehit etmi\u015fti. Ulusal egemenlik ve onurunu savunma kararl\u0131l\u0131\u011f\u0131yla bir\u00e7ok \u015fehidin d\u00fc\u015ft\u00fc\u011f\u00fc bu tarih; \u0130\u00e7 G\u00fcvenlik G\u00fc\u00e7lerimizin her &hellip;<\/p>\n","protected":false},"author":1,"featured_media":74557,"comment_status":"closed","ping_status":"closed","sticky":false,"template":"","format":"standard","meta":{"footnotes":""},"categories":[479,17988,478],"tags":[21445,21444],"class_list":["post-74554","post","type-post","status-publish","format-standard","has-post-thumbnail","","category-haberler-yerel","category-son-haberler","category-yerel","tag-ic-guvenlik-gucleri-bayrami","tag-somuru-ve-hegemonyaya-tarihi-direnis-devam-ediyor"],"_links":{"self":[{"href":"https:\/\/archive.sana.sy\/tr\/index.php?rest_route=\/wp\/v2\/posts\/74554","targetHints":{"allow":["GET"]}}],"collection":[{"href":"https:\/\/archive.sana.sy\/tr\/index.php?rest_route=\/wp\/v2\/posts"}],"about":[{"href":"https:\/\/archive.sana.sy\/tr\/index.php?rest_route=\/wp\/v2\/types\/post"}],"author":[{"embeddable":true,"href":"https:\/\/archive.sana.sy\/tr\/index.php?rest_route=\/wp\/v2\/users\/1"}],"replies":[{"embeddable":true,"href":"https:\/\/archive.sana.sy\/tr\/index.php?rest_route=%2Fwp%2Fv2%2Fcomments&post=74554"}],"version-history":[{"count":0,"href":"https:\/\/archive.sana.sy\/tr\/index.php?rest_route=\/wp\/v2\/posts\/74554\/revisions"}],"wp:featuredmedia":[{"embeddable":true,"href":"https:\/\/archive.sana.sy\/tr\/index.php?rest_route=\/wp\/v2\/media\/74557"}],"wp:attachment":[{"href":"https:\/\/archive.sana.sy\/tr\/index.php?rest_route=%2Fwp%2Fv2%2Fmedia&parent=74554"}],"wp:term":[{"taxonomy":"category","embeddable":true,"href":"https:\/\/archive.sana.sy\/tr\/index.php?rest_route=%2Fwp%2Fv2%2Fcategories&post=74554"},{"taxonomy":"post_tag","embeddable":true,"href":"https:\/\/archive.sana.sy\/tr\/index.php?rest_route=%2Fwp%2Fv2%2Ftags&post=74554"}],"curies":[{"name":"wp","href":"https:\/\/api.w.org\/{rel}","templated":true}]}}