{"id":7456,"date":"2014-08-16T16:23:01","date_gmt":"2014-08-16T13:23:01","guid":{"rendered":"http:\/\/www.sana.sy\/tr\/?p=7456"},"modified":"2014-08-16T16:23:01","modified_gmt":"2014-08-16T13:23:01","slug":"mozaik-samli-sanatcilarin-maharetli-ellerinde-yasam-buldu","status":"publish","type":"post","link":"https:\/\/archive.sana.sy\/tr\/?p=7456","title":{"rendered":"Mozaik \u015eaml\u0131 Sanat\u00e7\u0131lar\u0131n Maharetli Ellerinde Ya\u015fam Buldu"},"content":{"rendered":"<p>\u015eAM \u2013 \u015eam Moza\u011fiyi ya da di\u011fer ad\u0131yla \u015eam Boyas\u0131\u2019n\u0131n k\u00f6kleri y\u00fczy\u0131llar \u00f6ncesine dayanan bir<\/p>\n<p>hik\u00e2yesi olup o tarihlerden bu yana \u015eam evlerinin tavanlar\u0131n\u0131 ve duvarlar\u0131na \u00f6zel bir g\u00fczellik katarak<\/p>\n<p>g\u00fcn\u00fcm\u00fcze geldi.<\/p>\n<p>\u015eam topraklar\u0131nda \u00f6nceleri sadece erkeklerin icra etti\u011fi bir sanat olarak varl\u0131k bulan mozaik sanat\u0131<\/p>\n<p>daha sonras\u0131nda kad\u0131n dokunu\u015funun esteti\u011fi ile harmanlanm\u0131\u015f ve g\u00f6renlerin g\u00f6zlerini alamad\u0131klar\u0131<\/p>\n<p>g\u00fczellikler ortaya \u00e7\u0131karm\u0131\u015ft\u0131r.<\/p>\n<p>Mozaik Sanat\u00e7\u0131s\u0131 Muhammed el Ucca; son d\u00f6nemlerde ad\u0131 \u015eam Boyas\u0131 olarak da ge\u00e7en \u015eam<\/p>\n<p>Mozai\u011finin \u015eam\u2019da \u00f6nceleri sadece el Uzma Saray\u0131n\u0131n tavanlar\u0131n\u0131 ve duvarlar\u0131n\u0131 s\u00fcsleyen bir sanat<\/p>\n<p>olarak ortaya \u00e7\u0131kt\u0131\u011f\u0131n\u0131 dile getirerek daha sonras\u0131nda bir\u00e7ok binada kullan\u0131lmaya ba\u015fland\u0131\u011f\u0131n\u0131 dile<\/p>\n<p>getirdi.<\/p>\n<p>Mozaik sanat\u0131n\u0131n en az iki y\u00fcz y\u0131ll\u0131k bir ge\u00e7mi\u015fi bulundu\u011funa i\u015faret eden Ucca; \u015eaml\u0131 sanat\u00e7\u0131lar\u0131n<\/p>\n<p>maharetli elleriyle hayat bulan mozaik sanat\u0131n\u0131n k\u0131sa bir s\u00fcrede Suriye d\u0131\u015f\u0131nda da b\u00fcy\u00fck bir ilgi ve<\/p>\n<p>hayranl\u0131kla kar\u015f\u0131land\u0131\u011f\u0131n\u0131n alt\u0131n\u0131 \u00e7izdi.<\/p>\n<p>Kad\u0131nlar\u0131n mozaik sanat\u0131n\u0131 icra etmeye ba\u015flamalar\u0131yla bu sanat\u0131n daha da geli\u015fti\u011fine dikkat \u00e7eken<\/p>\n<p>Ucca; kad\u0131nlar\u0131n genel olarak daha estetik dokunu\u015flara sahip olduklar\u0131n\u0131 ve daha titiz bir \u00e7al\u0131\u015fma<\/p>\n<p>yetenekleri bulundu\u011funu vurgulad\u0131.<\/p>\n<p><a href=\"http:\/\/www.sana.sy\/tr\/wp-content\/uploads\/2014\/08\/Mozaik-2.jpg\"><img loading=\"lazy\" decoding=\"async\" class=\"alignleft wp-image-7458 size-medium\" src=\"http:\/\/www.sana.sy\/tr\/wp-content\/uploads\/2014\/08\/Mozaik-2-300x225.jpg\" alt=\"Mozaik 2\" width=\"300\" height=\"225\" srcset=\"https:\/\/archive.sana.sy\/tr\/wp-content\/uploads\/2014\/08\/Mozaik-2-300x225.jpg 300w, https:\/\/archive.sana.sy\/tr\/wp-content\/uploads\/2014\/08\/Mozaik-2-150x112.jpg 150w, https:\/\/archive.sana.sy\/tr\/wp-content\/uploads\/2014\/08\/Mozaik-2-1024x768.jpg 1024w\" sizes=\"auto, (max-width: 300px) 100vw, 300px\" \/><\/a> <a href=\"http:\/\/www.sana.sy\/tr\/wp-content\/uploads\/2014\/08\/Mozaik-3.jpg\"><img loading=\"lazy\" decoding=\"async\" class=\"alignright wp-image-7459 size-medium\" src=\"http:\/\/www.sana.sy\/tr\/wp-content\/uploads\/2014\/08\/Mozaik-3-225x300.jpg\" alt=\"Mozaik 3\" width=\"225\" height=\"300\" srcset=\"https:\/\/archive.sana.sy\/tr\/wp-content\/uploads\/2014\/08\/Mozaik-3-225x300.jpg 225w, https:\/\/archive.sana.sy\/tr\/wp-content\/uploads\/2014\/08\/Mozaik-3-112x150.jpg 112w, https:\/\/archive.sana.sy\/tr\/wp-content\/uploads\/2014\/08\/Mozaik-3-768x1024.jpg 768w, https:\/\/archive.sana.sy\/tr\/wp-content\/uploads\/2014\/08\/Mozaik-3.jpg 1920w\" sizes=\"auto, (max-width: 225px) 100vw, 225px\" \/><\/a><\/p>\n","protected":false},"excerpt":{"rendered":"<p>\u015eAM \u2013 \u015eam Moza\u011fiyi ya da di\u011fer ad\u0131yla \u015eam Boyas\u0131\u2019n\u0131n k\u00f6kleri y\u00fczy\u0131llar \u00f6ncesine dayanan bir hik\u00e2yesi olup o tarihlerden bu yana \u015eam evlerinin tavanlar\u0131n\u0131 ve duvarlar\u0131na \u00f6zel bir g\u00fczellik katarak g\u00fcn\u00fcm\u00fcze geldi. \u015eam topraklar\u0131nda \u00f6nceleri sadece erkeklerin icra etti\u011fi bir sanat olarak varl\u0131k bulan mozaik sanat\u0131 daha sonras\u0131nda kad\u0131n dokunu\u015funun esteti\u011fi ile harmanlanm\u0131\u015f ve g\u00f6renlerin &hellip;<\/p>\n","protected":false},"author":1,"featured_media":7457,"comment_status":"closed","ping_status":"closed","sticky":false,"template":"","format":"standard","meta":{"footnotes":""},"categories":[596,538],"tags":[1663],"class_list":["post-7456","post","type-post","status-publish","format-standard","has-post-thumbnail","","category-fotografli-raporlar","category-yasam","tag-mozaik-samli-sanatcilarin-maharetli-ellerinde-yasam-buldu"],"_links":{"self":[{"href":"https:\/\/archive.sana.sy\/tr\/index.php?rest_route=\/wp\/v2\/posts\/7456","targetHints":{"allow":["GET"]}}],"collection":[{"href":"https:\/\/archive.sana.sy\/tr\/index.php?rest_route=\/wp\/v2\/posts"}],"about":[{"href":"https:\/\/archive.sana.sy\/tr\/index.php?rest_route=\/wp\/v2\/types\/post"}],"author":[{"embeddable":true,"href":"https:\/\/archive.sana.sy\/tr\/index.php?rest_route=\/wp\/v2\/users\/1"}],"replies":[{"embeddable":true,"href":"https:\/\/archive.sana.sy\/tr\/index.php?rest_route=%2Fwp%2Fv2%2Fcomments&post=7456"}],"version-history":[{"count":0,"href":"https:\/\/archive.sana.sy\/tr\/index.php?rest_route=\/wp\/v2\/posts\/7456\/revisions"}],"wp:featuredmedia":[{"embeddable":true,"href":"https:\/\/archive.sana.sy\/tr\/index.php?rest_route=\/wp\/v2\/media\/7457"}],"wp:attachment":[{"href":"https:\/\/archive.sana.sy\/tr\/index.php?rest_route=%2Fwp%2Fv2%2Fmedia&parent=7456"}],"wp:term":[{"taxonomy":"category","embeddable":true,"href":"https:\/\/archive.sana.sy\/tr\/index.php?rest_route=%2Fwp%2Fv2%2Fcategories&post=7456"},{"taxonomy":"post_tag","embeddable":true,"href":"https:\/\/archive.sana.sy\/tr\/index.php?rest_route=%2Fwp%2Fv2%2Ftags&post=7456"}],"curies":[{"name":"wp","href":"https:\/\/api.w.org\/{rel}","templated":true}]}}