{"id":74617,"date":"2016-05-29T22:00:21","date_gmt":"2016-05-29T19:00:21","guid":{"rendered":"http:\/\/sana.sy\/tr\/?p=74617"},"modified":"2016-05-30T16:50:21","modified_gmt":"2016-05-30T13:50:21","slug":"ic-guvenlik-gucleri-bayrami-butun-illerde-anlamli-torenlerle-kutlandi","status":"publish","type":"post","link":"https:\/\/archive.sana.sy\/tr\/?p=74617","title":{"rendered":"\u0130\u00e7 G\u00fcvenlik G\u00fc\u00e7leri Bayram\u0131 B\u00fct\u00fcn \u0130llerde Anlaml\u0131 T\u00f6renlerle Kutland\u0131"},"content":{"rendered":"<p>\u0130LLER \u2013 \u0130\u00e7i\u015fleri Bakanl\u0131\u011f\u0131, Cumhurba\u015fkan\u0131 Be\u015f\u015far el Esat g\u00f6zetiminde d\u00fczenledi\u011fi \u0130\u00e7 G\u00fcvenlik G\u00fc\u00e7leri Bayram\u0131 t\u00f6reninde ba\u015fta 29 May\u0131s 1945 tarihinde parlamento binam\u0131z\u0131 Frans\u0131z s\u00f6m\u00fcrgeci kuvvetlere kar\u015f\u0131 kahramanca savunurken canlar\u0131n\u0131 feda eden \u015fehitlerimiz olmak \u00fczere b\u00fct\u00fcn vatan \u015fehitleri an\u0131ld\u0131.<\/p>\n<p>\u0130\u00e7i\u015fleri Bakanl\u0131\u011f\u0131 Binas\u0131nda d\u00fczenlenen t\u00f6rende \u0130\u00e7i\u015fleri Bakan\u0131 Muhammed el \u015eear yapt\u0131\u011f\u0131 konu\u015fmada \u00f6ncelikle Cumhurba\u015fkan\u0131 Be\u015f\u015far El Esad\u2019\u0131n b\u00fct\u00fcn \u0130\u00e7 G\u00fcvenlik G\u00fc\u00e7leri Mensuplar\u0131n\u0131n bayramlar\u0131n\u0131 kutlad\u0131\u011f\u0131 mesaj\u0131n\u0131 ileterek vatan ve vatanda\u015f\u0131n g\u00fcvenli\u011fini sa\u011flamak i\u00e7in b\u00fcy\u00fck bir \u00e7aba harcayan \u0130\u00e7 G\u00fcvenlik G\u00fc\u00e7leri ile gurur duydu\u011funu belirtti.<\/p>\n<p>29 May\u0131s 1945 tarihinde Frans\u0131z i\u015fgalci askerleri ve generallerin Suriye Parlamentosunda i\u015fledikleri vah\u015fet ve bu vah\u015feti me\u015frula\u015ft\u0131rmak amac\u0131yla uydurulan bahane ve yalanlara ili\u015fkin k\u0131sa bir sunum yapan \u015eear, o zamanlar parlamentoda koruma g\u00f6revi yapan \u0130\u00e7 G\u00fcvenlik G\u00fc\u00e7leri neferlerinin Frans\u0131z Bayra\u011f\u0131n\u0131 selamlamay\u0131 kararl\u0131l\u0131k ve \u0131srarla reddetmelerinin bir kahramanl\u0131k ve asalet timsali oldu\u011funu belirtti.<\/p>\n<p>29 May\u0131s Bayram\u0131n\u0131n \u015fehitlik bayramlar\u0131ndan biri oldu\u011funa i\u015faret eden \u015eear, b\u00f6ylesi bir m\u00fcnasebetle t\u00f6ren d\u00fczenlenmesinin \u015fehitlik de\u011ferleri ve \u015fehitlere vefan\u0131n bir yans\u0131mas\u0131 oldu\u011funu dile getirerek vatan u\u011fruna yap\u0131lan b\u00fct\u00fcn fedak\u00e2rl\u0131klar\u0131n kutsal oldu\u011funa dikkat \u00e7ekti.<\/p>\n<p>\u015eehit ailelerine onur plaketi takdim edilen t\u00f6rene; Adalet Bakan\u0131,\u0130dari Kalk\u0131nma Bakan\u0131, Sosyal \u0130\u015fler Bakan\u0131, \u015eam K\u0131rsal\u0131 Valisi ve \u00e7ok say\u0131da milletvekili kat\u0131ld\u0131.<\/p>\n<p>Ayr\u0131ca \u0130\u00e7i\u015fleri Bakan\u0131 ve bir\u00e7ok Emniyet Subay\u0131 ile birlikte d\u00fcn sabah saatlerinde Halk Meclisi Binas\u0131ndaki \u015eehitlik Odas\u0131n\u0131 ziyaret ederek b\u00fct\u00fcn \u015fehitlerimizin ruhuna Fatiha okudular.<\/p>\n<p>Hama Emniyet M\u00fcd\u00fcrl\u00fc\u011f\u00fc taraf\u0131ndan \u0130\u00e7 G\u00fcvenlik G\u00fc\u00e7leri bayram\u0131 m\u00fcnasebetiyle d\u00fczenlenen t\u00f6rende konu\u015fma yapan Mahrada B\u00f6lge Emniyet M\u00fcd\u00fcr\u00fc Nedim Ali 29 May\u0131s 1945 tarihinde parlamento koruma g\u00f6revinde bulunan i\u00e7 g\u00fcvenlik kahramanlar\u0131n\u0131n fedakarl\u0131klar\u0131n\u0131 \u00f6vg\u00fcl\u00fc c\u00fcmlelerle anlatt\u0131.<\/p>\n<p>Ali; Vahhabi tekfirci ter\u00f6r \u00e7etelerine kar\u015f\u0131 m\u00fccadele eden kahraman ordu birliklerimizin bu m\u00fccadelede b\u00fcy\u00fck ba\u015far\u0131lar sa\u011flayan irade ile 29 May\u0131s 1945 tarihinde Parlamentoda Frans\u0131z bayra\u011f\u0131n\u0131 selamlamaktansa vatan u\u011fruna \u015fehit olmay\u0131 tercih eden iradenin ayn\u0131 irade oldu\u011funa dikkat \u00e7ekti.<\/p>\n<p>Tartus, Lazkiye, S\u00fcveyda, Haseke, Kunaytra ve Homs Emniyet M\u00fcd\u00fcrl\u00fckleri taraf\u0131ndan d\u00fczenlenen \u0130\u00e7 G\u00fcvenlik G\u00fc\u00e7leri Bayram\u0131 t\u00f6renlerinde de \u015fehitlik de\u011ferleri, vatana vefa ve vatan savunmas\u0131nda sergilenen fedakarl\u0131klar\u0131n kutsall\u0131\u011f\u0131 yans\u0131t\u0131ld\u0131.<\/p>\n<div id='gallery-1' class='gallery galleryid-74617 gallery-columns-3 gallery-size-medium'><figure class='gallery-item'>\n\t\t\t<div class='gallery-icon landscape'>\n\t\t\t\t<a href='https:\/\/archive.sana.sy\/tr\/wp-content\/uploads\/2016\/05\/1-91.jpg'><img loading=\"lazy\" decoding=\"async\" width=\"300\" height=\"150\" src=\"https:\/\/archive.sana.sy\/tr\/wp-content\/uploads\/2016\/05\/1-91-300x150.jpg\" class=\"attachment-medium size-medium\" alt=\"\" srcset=\"https:\/\/archive.sana.sy\/tr\/wp-content\/uploads\/2016\/05\/1-91-300x150.jpg 300w, https:\/\/archive.sana.sy\/tr\/wp-content\/uploads\/2016\/05\/1-91-150x75.jpg 150w, https:\/\/archive.sana.sy\/tr\/wp-content\/uploads\/2016\/05\/1-91.jpg 660w\" sizes=\"auto, (max-width: 300px) 100vw, 300px\" \/><\/a>\n\t\t\t<\/div><\/figure><figure class='gallery-item'>\n\t\t\t<div class='gallery-icon landscape'>\n\t\t\t\t<a href='https:\/\/archive.sana.sy\/tr\/wp-content\/uploads\/2016\/05\/2-52.jpg'><img loading=\"lazy\" decoding=\"async\" width=\"300\" height=\"190\" src=\"https:\/\/archive.sana.sy\/tr\/wp-content\/uploads\/2016\/05\/2-52-300x190.jpg\" class=\"attachment-medium size-medium\" alt=\"\" srcset=\"https:\/\/archive.sana.sy\/tr\/wp-content\/uploads\/2016\/05\/2-52-300x190.jpg 300w, https:\/\/archive.sana.sy\/tr\/wp-content\/uploads\/2016\/05\/2-52-150x95.jpg 150w, https:\/\/archive.sana.sy\/tr\/wp-content\/uploads\/2016\/05\/2-52-768x486.jpg 768w, https:\/\/archive.sana.sy\/tr\/wp-content\/uploads\/2016\/05\/2-52-1024x647.jpg 1024w\" sizes=\"auto, (max-width: 300px) 100vw, 300px\" \/><\/a>\n\t\t\t<\/div><\/figure><figure class='gallery-item'>\n\t\t\t<div class='gallery-icon landscape'>\n\t\t\t\t<a href='https:\/\/archive.sana.sy\/tr\/wp-content\/uploads\/2016\/05\/3-39.jpg'><img loading=\"lazy\" decoding=\"async\" width=\"300\" height=\"198\" src=\"https:\/\/archive.sana.sy\/tr\/wp-content\/uploads\/2016\/05\/3-39-300x198.jpg\" class=\"attachment-medium size-medium\" alt=\"\" srcset=\"https:\/\/archive.sana.sy\/tr\/wp-content\/uploads\/2016\/05\/3-39-300x198.jpg 300w, https:\/\/archive.sana.sy\/tr\/wp-content\/uploads\/2016\/05\/3-39-150x99.jpg 150w, https:\/\/archive.sana.sy\/tr\/wp-content\/uploads\/2016\/05\/3-39-768x508.jpg 768w, https:\/\/archive.sana.sy\/tr\/wp-content\/uploads\/2016\/05\/3-39-1024x677.jpg 1024w, https:\/\/archive.sana.sy\/tr\/wp-content\/uploads\/2016\/05\/3-39-310x205.jpg 310w\" sizes=\"auto, (max-width: 300px) 100vw, 300px\" \/><\/a>\n\t\t\t<\/div><\/figure><figure class='gallery-item'>\n\t\t\t<div class='gallery-icon landscape'>\n\t\t\t\t<a href='https:\/\/archive.sana.sy\/tr\/wp-content\/uploads\/2016\/05\/4-32.jpg'><img loading=\"lazy\" decoding=\"async\" width=\"300\" height=\"190\" src=\"https:\/\/archive.sana.sy\/tr\/wp-content\/uploads\/2016\/05\/4-32-300x190.jpg\" class=\"attachment-medium size-medium\" alt=\"\" srcset=\"https:\/\/archive.sana.sy\/tr\/wp-content\/uploads\/2016\/05\/4-32-300x190.jpg 300w, https:\/\/archive.sana.sy\/tr\/wp-content\/uploads\/2016\/05\/4-32-150x95.jpg 150w, https:\/\/archive.sana.sy\/tr\/wp-content\/uploads\/2016\/05\/4-32-768x487.jpg 768w, https:\/\/archive.sana.sy\/tr\/wp-content\/uploads\/2016\/05\/4-32-1024x649.jpg 1024w\" sizes=\"auto, (max-width: 300px) 100vw, 300px\" \/><\/a>\n\t\t\t<\/div><\/figure><figure class='gallery-item'>\n\t\t\t<div class='gallery-icon landscape'>\n\t\t\t\t<a href='https:\/\/archive.sana.sy\/tr\/wp-content\/uploads\/2016\/05\/5-28.jpg'><img loading=\"lazy\" decoding=\"async\" width=\"300\" height=\"200\" src=\"https:\/\/archive.sana.sy\/tr\/wp-content\/uploads\/2016\/05\/5-28-300x200.jpg\" class=\"attachment-medium size-medium\" alt=\"\" srcset=\"https:\/\/archive.sana.sy\/tr\/wp-content\/uploads\/2016\/05\/5-28-300x200.jpg 300w, https:\/\/archive.sana.sy\/tr\/wp-content\/uploads\/2016\/05\/5-28-150x100.jpg 150w, https:\/\/archive.sana.sy\/tr\/wp-content\/uploads\/2016\/05\/5-28-768x512.jpg 768w, https:\/\/archive.sana.sy\/tr\/wp-content\/uploads\/2016\/05\/5-28-1024x683.jpg 1024w\" sizes=\"auto, (max-width: 300px) 100vw, 300px\" \/><\/a>\n\t\t\t<\/div><\/figure><figure class='gallery-item'>\n\t\t\t<div class='gallery-icon landscape'>\n\t\t\t\t<a href='https:\/\/archive.sana.sy\/tr\/wp-content\/uploads\/2016\/05\/6-21.jpg'><img loading=\"lazy\" decoding=\"async\" width=\"300\" height=\"179\" src=\"https:\/\/archive.sana.sy\/tr\/wp-content\/uploads\/2016\/05\/6-21-300x179.jpg\" class=\"attachment-medium size-medium\" alt=\"\" srcset=\"https:\/\/archive.sana.sy\/tr\/wp-content\/uploads\/2016\/05\/6-21-300x179.jpg 300w, https:\/\/archive.sana.sy\/tr\/wp-content\/uploads\/2016\/05\/6-21-150x90.jpg 150w, https:\/\/archive.sana.sy\/tr\/wp-content\/uploads\/2016\/05\/6-21-768x459.jpg 768w, https:\/\/archive.sana.sy\/tr\/wp-content\/uploads\/2016\/05\/6-21-1024x612.jpg 1024w\" sizes=\"auto, (max-width: 300px) 100vw, 300px\" \/><\/a>\n\t\t\t<\/div><\/figure>\n\t\t<\/div>\n\n<p>F.B. &#8211; R.H.<\/p>\n","protected":false},"excerpt":{"rendered":"<p>\u0130LLER \u2013 \u0130\u00e7i\u015fleri Bakanl\u0131\u011f\u0131, Cumhurba\u015fkan\u0131 Be\u015f\u015far el Esat g\u00f6zetiminde d\u00fczenledi\u011fi \u0130\u00e7 G\u00fcvenlik G\u00fc\u00e7leri Bayram\u0131 t\u00f6reninde ba\u015fta 29 May\u0131s 1945 tarihinde parlamento binam\u0131z\u0131 Frans\u0131z s\u00f6m\u00fcrgeci kuvvetlere kar\u015f\u0131 kahramanca savunurken canlar\u0131n\u0131 feda eden \u015fehitlerimiz olmak \u00fczere b\u00fct\u00fcn vatan \u015fehitleri an\u0131ld\u0131. \u0130\u00e7i\u015fleri Bakanl\u0131\u011f\u0131 Binas\u0131nda d\u00fczenlenen t\u00f6rende \u0130\u00e7i\u015fleri Bakan\u0131 Muhammed el \u015eear yapt\u0131\u011f\u0131 konu\u015fmada \u00f6ncelikle Cumhurba\u015fkan\u0131 Be\u015f\u015far El Esad\u2019\u0131n &hellip;<\/p>\n","protected":false},"author":1,"featured_media":74631,"comment_status":"closed","ping_status":"closed","sticky":false,"template":"","format":"standard","meta":{"footnotes":""},"categories":[479,17988,478],"tags":[21461],"class_list":["post-74617","post","type-post","status-publish","format-standard","has-post-thumbnail","","category-haberler-yerel","category-son-haberler","category-yerel","tag-ic-guvenlik-gucleri-bayrami-butun-illerde-anlamli-torenlerle-kutlandi"],"_links":{"self":[{"href":"https:\/\/archive.sana.sy\/tr\/index.php?rest_route=\/wp\/v2\/posts\/74617","targetHints":{"allow":["GET"]}}],"collection":[{"href":"https:\/\/archive.sana.sy\/tr\/index.php?rest_route=\/wp\/v2\/posts"}],"about":[{"href":"https:\/\/archive.sana.sy\/tr\/index.php?rest_route=\/wp\/v2\/types\/post"}],"author":[{"embeddable":true,"href":"https:\/\/archive.sana.sy\/tr\/index.php?rest_route=\/wp\/v2\/users\/1"}],"replies":[{"embeddable":true,"href":"https:\/\/archive.sana.sy\/tr\/index.php?rest_route=%2Fwp%2Fv2%2Fcomments&post=74617"}],"version-history":[{"count":0,"href":"https:\/\/archive.sana.sy\/tr\/index.php?rest_route=\/wp\/v2\/posts\/74617\/revisions"}],"wp:featuredmedia":[{"embeddable":true,"href":"https:\/\/archive.sana.sy\/tr\/index.php?rest_route=\/wp\/v2\/media\/74631"}],"wp:attachment":[{"href":"https:\/\/archive.sana.sy\/tr\/index.php?rest_route=%2Fwp%2Fv2%2Fmedia&parent=74617"}],"wp:term":[{"taxonomy":"category","embeddable":true,"href":"https:\/\/archive.sana.sy\/tr\/index.php?rest_route=%2Fwp%2Fv2%2Fcategories&post=74617"},{"taxonomy":"post_tag","embeddable":true,"href":"https:\/\/archive.sana.sy\/tr\/index.php?rest_route=%2Fwp%2Fv2%2Ftags&post=74617"}],"curies":[{"name":"wp","href":"https:\/\/api.w.org\/{rel}","templated":true}]}}