{"id":74646,"date":"2016-05-30T09:35:21","date_gmt":"2016-05-30T06:35:21","guid":{"rendered":"http:\/\/www.sana.sy\/tr\/?p=74646"},"modified":"2016-05-30T13:31:50","modified_gmt":"2016-05-30T10:31:50","slug":"kaynak-badiye-bolgesinin-kenarlarina-dusen-koyde-gerceklesen-operasyonda-tekfircilere-ait-zirhli-bir-aracin-yani-sira-cok-sayida-tekfircinin-etkisiz-hale-getirildigini-soyledi","status":"publish","type":"post","link":"https:\/\/archive.sana.sy\/tr\/?p=74646","title":{"rendered":"Kaynak Badiye B\u00f6lgesinin kenarlar\u0131na d\u00fc\u015fen k\u00f6yde ger\u00e7ekle\u015fen operasyonda tekfircilere ait z\u0131rhl\u0131 bir arac\u0131n yan\u0131 s\u0131ra \u00e7ok say\u0131da tekfircinin etkisiz hale getirildi\u011fini s\u00f6yledi."},"content":{"rendered":"<p>Kaynak Badiye B\u00f6lgesinin kenarlar\u0131na d\u00fc\u015fen k\u00f6yde ger\u00e7ekle\u015fen operasyonda tekfircilere ait z\u0131rhl\u0131 bir arac\u0131n yan\u0131 s\u0131ra \u00e7ok say\u0131da tekfircinin etkisiz hale getirildi\u011fini s\u00f6yledi.<\/p>\n","protected":false},"excerpt":{"rendered":"<p>Kaynak Badiye B\u00f6lgesinin kenarlar\u0131na d\u00fc\u015fen k\u00f6yde ger\u00e7ekle\u015fen operasyonda tekfircilere ait z\u0131rhl\u0131 bir arac\u0131n yan\u0131 s\u0131ra \u00e7ok say\u0131da tekfircinin etkisiz hale getirildi\u011fini s\u00f6yledi.<\/p>\n","protected":false},"author":1,"featured_media":0,"comment_status":"closed","ping_status":"closed","sticky":false,"template":"","format":"standard","meta":{"footnotes":""},"categories":[17991],"tags":[],"class_list":["post-74646","post","type-post","status-publish","format-standard","","category-son-dakika"],"_links":{"self":[{"href":"https:\/\/archive.sana.sy\/tr\/index.php?rest_route=\/wp\/v2\/posts\/74646","targetHints":{"allow":["GET"]}}],"collection":[{"href":"https:\/\/archive.sana.sy\/tr\/index.php?rest_route=\/wp\/v2\/posts"}],"about":[{"href":"https:\/\/archive.sana.sy\/tr\/index.php?rest_route=\/wp\/v2\/types\/post"}],"author":[{"embeddable":true,"href":"https:\/\/archive.sana.sy\/tr\/index.php?rest_route=\/wp\/v2\/users\/1"}],"replies":[{"embeddable":true,"href":"https:\/\/archive.sana.sy\/tr\/index.php?rest_route=%2Fwp%2Fv2%2Fcomments&post=74646"}],"version-history":[{"count":0,"href":"https:\/\/archive.sana.sy\/tr\/index.php?rest_route=\/wp\/v2\/posts\/74646\/revisions"}],"wp:attachment":[{"href":"https:\/\/archive.sana.sy\/tr\/index.php?rest_route=%2Fwp%2Fv2%2Fmedia&parent=74646"}],"wp:term":[{"taxonomy":"category","embeddable":true,"href":"https:\/\/archive.sana.sy\/tr\/index.php?rest_route=%2Fwp%2Fv2%2Fcategories&post=74646"},{"taxonomy":"post_tag","embeddable":true,"href":"https:\/\/archive.sana.sy\/tr\/index.php?rest_route=%2Fwp%2Fv2%2Ftags&post=74646"}],"curies":[{"name":"wp","href":"https:\/\/api.w.org\/{rel}","templated":true}]}}