{"id":74663,"date":"2016-05-30T16:18:23","date_gmt":"2016-05-30T13:18:23","guid":{"rendered":"http:\/\/www.sana.sy\/tr\/?p=74663"},"modified":"2016-05-31T13:11:37","modified_gmt":"2016-05-31T10:11:37","slug":"ozel-ve-kamu-mulklere-saldirilari-devam-ediyor","status":"publish","type":"post","link":"https:\/\/archive.sana.sy\/tr\/?p=74663","title":{"rendered":"\u00d6zel ve Kamu M\u00fclklere Sald\u0131r\u0131lar\u0131 Devam Ediyor"},"content":{"rendered":"<p>\u0130LLER \u2013 Erdo\u011fan ve Al Suud rejimleri gibi belli ba\u015fl\u0131 taraflar\u0131n aleni destek ve komutas\u0131yla faaliyet g\u00f6steren ter\u00f6ristler muhtelif b\u00f6lgelerde hizmet kurumlar\u0131 ve savunmas\u0131z sivillere kar\u015f\u0131 sald\u0131r\u0131lar\u0131n\u0131 s\u00fcrd\u00fcr\u00fcyor.<\/p>\n<p><span style=\"color: #0000ff\">\u0130DL\u0130B:<\/span><\/p>\n<p>\u0130dlib Kentinin yakla\u015f\u0131k 8 km kuzeyine d\u00fc\u015fen Kefrayya Beldesinde yerel kaynaklar; ter\u00f6ristlerin iki y\u0131la a\u015fk\u0131n s\u00fcredir s\u0131k\u0131 abluka alt\u0131nda tutup her t\u00fcrl\u00fc g\u0131da ve t\u0131bbi gereksinimleri engelledikleri beldeye geli\u015fig\u00fczel f\u00fcze sald\u0131r\u0131lar\u0131 \u00e7er\u00e7evesinde bug\u00fcn beldedeki okula f\u00fczelerle sald\u0131rd\u0131klar\u0131n\u0131 aktard\u0131.<\/p>\n<p>Kaynaklar hain f\u00fcze sald\u0131r\u0131lar\u0131nda okul ve civar\u0131ndaki evlerde ciddi hasarlar\u0131n olu\u015ftu\u011funu belirtirken, be\u015feri isabetlerin olmad\u0131\u011f\u0131n\u0131 s\u00f6yledi.<\/p>\n<p><span style=\"color: #0000ff\">KUNAYTRA:<\/span><\/p>\n<p>Kunaytra \u0130l Emniyet M\u00fcd\u00fcrl\u00fc\u011f\u00fcnde bir kaynak ise SANA\u2019ya a\u00e7\u0131klamas\u0131nda; \u0130srail destekli Nusra Cephesinin Kunaytra Kentindeki Baas Yerel\u015fim alan\u0131nda hizmet semtini f\u00fczelerle hedef ald\u0131klar\u0131n\u0131 aktard\u0131.<\/p>\n<p>Kaynak Bat\u0131 Samadaniye Beldesindeki Nusra Cepheli tekfircilerin sabah saatlerinde lise \u00f6\u011frencilerinin s\u0131nav saatine e\u015f zamanl\u0131 sald\u0131r\u0131lar\u0131nda f\u00fczelerden birinin Sa\u011fl\u0131k M\u00fcd\u00fcrl\u00fc\u011f\u00fcne d\u00fc\u015ft\u00fc\u011f\u00fcn\u00fc s\u00f6yledi. Sald\u0131r\u0131da be\u015feri isabetlerin olmad\u0131\u011f\u0131n\u0131 ifade eden kaynak; fakat \u00f6zel ve kamu m\u00fclklerde maddi hasarlar\u0131n olu\u015ftu\u011funu s\u00f6zlerine ekledi.<\/p>\n<p><span style=\"color: #0000ff\">HOMS:<\/span><\/p>\n<p>Di\u011fer yandan Homs Valili\u011finde bir kaynak benzer bir a\u00e7\u0131klamada; ter\u00f6ristlerin kentin sivil yerle\u015fim alanlar\u0131ndan Sebil Semtine f\u00fczelerle sald\u0131rd\u0131klar\u0131n\u0131 s\u00f6yledi.<\/p>\n<p>Kaynak sald\u0131r\u0131larda be\u015feri isabetlerin olmad\u0131\u011f\u0131n\u0131, sadece vatanda\u015flar\u0131n evlerinde maddi hasara yol a\u00e7t\u0131\u011f\u0131n\u0131 s\u00f6zlerine ekledi.<\/p>\n<p><span style=\"color: #0000ff\">HALEP:<\/span><\/p>\n<p>Di\u011fer yandan Halep \u0130l Emniyet M\u00fcd\u00fcrl\u00fc\u011f\u00fcnde bir kaynak SANA\u2019ya a\u00e7\u0131klamas\u0131nda Erdo\u011fan ve al Suud rejimlerine tabi ter\u00f6r \u00f6rg\u00fctlerin Halep kentinin Ramusa, Hamadaniye, S\u00fcleyman el Halebi, Yeni S\u00fcryanNil Caddesi, Arkub ve Meydan semtlerine geli\u015fig\u00fczel f\u00fcze sald\u0131r\u0131lar\u0131n\u0131 s\u00fcrd\u00fcrd\u00fcklerini aktard\u0131.<\/p>\n<p>Kaynak hain ter\u00f6r sald\u0131r\u0131lar\u0131nda savunmas\u0131z sivil vatanda\u015flardan 2 ki\u015finin \u015fehit, 20 ki\u015finin de yaral\u0131 d\u00fc\u015ft\u00fcklerini, ev ve i\u015fyerlerinde b\u00fcy\u00fck hasarlar\u0131n olu\u015ftu\u011funu s\u00f6zlerine ekledi.<\/p>\n","protected":false},"excerpt":{"rendered":"<p>\u0130LLER \u2013 Erdo\u011fan ve Al Suud rejimleri gibi belli ba\u015fl\u0131 taraflar\u0131n aleni destek ve komutas\u0131yla faaliyet g\u00f6steren ter\u00f6ristler muhtelif b\u00f6lgelerde hizmet kurumlar\u0131 ve savunmas\u0131z sivillere kar\u015f\u0131 sald\u0131r\u0131lar\u0131n\u0131 s\u00fcrd\u00fcr\u00fcyor. \u0130DL\u0130B: \u0130dlib Kentinin yakla\u015f\u0131k 8 km kuzeyine d\u00fc\u015fen Kefrayya Beldesinde yerel kaynaklar; ter\u00f6ristlerin iki y\u0131la a\u015fk\u0131n s\u00fcredir s\u0131k\u0131 abluka alt\u0131nda tutup her t\u00fcrl\u00fc g\u0131da ve t\u0131bbi gereksinimleri &hellip;<\/p>\n","protected":false},"author":1,"featured_media":74742,"comment_status":"closed","ping_status":"closed","sticky":false,"template":"","format":"standard","meta":{"footnotes":""},"categories":[479,575,17988,478],"tags":[3464,9401,17606,18344,5010,18347,18674,18174],"class_list":["post-74663","post","type-post","status-publish","format-standard","has-post-thumbnail","","category-haberler-yerel","category-olaylar-ve-gercekler","category-son-haberler","category-yerel","tag-nusra-cephesi","tag-erdogan","tag-fuze-saldirilari","tag-gelisiguzel-saldirilar","tag-havan-saldirilari","tag-oso","tag-silahli-muhalifler","tag-sivillere-saldiri"],"_links":{"self":[{"href":"https:\/\/archive.sana.sy\/tr\/index.php?rest_route=\/wp\/v2\/posts\/74663","targetHints":{"allow":["GET"]}}],"collection":[{"href":"https:\/\/archive.sana.sy\/tr\/index.php?rest_route=\/wp\/v2\/posts"}],"about":[{"href":"https:\/\/archive.sana.sy\/tr\/index.php?rest_route=\/wp\/v2\/types\/post"}],"author":[{"embeddable":true,"href":"https:\/\/archive.sana.sy\/tr\/index.php?rest_route=\/wp\/v2\/users\/1"}],"replies":[{"embeddable":true,"href":"https:\/\/archive.sana.sy\/tr\/index.php?rest_route=%2Fwp%2Fv2%2Fcomments&post=74663"}],"version-history":[{"count":0,"href":"https:\/\/archive.sana.sy\/tr\/index.php?rest_route=\/wp\/v2\/posts\/74663\/revisions"}],"wp:featuredmedia":[{"embeddable":true,"href":"https:\/\/archive.sana.sy\/tr\/index.php?rest_route=\/wp\/v2\/media\/74742"}],"wp:attachment":[{"href":"https:\/\/archive.sana.sy\/tr\/index.php?rest_route=%2Fwp%2Fv2%2Fmedia&parent=74663"}],"wp:term":[{"taxonomy":"category","embeddable":true,"href":"https:\/\/archive.sana.sy\/tr\/index.php?rest_route=%2Fwp%2Fv2%2Fcategories&post=74663"},{"taxonomy":"post_tag","embeddable":true,"href":"https:\/\/archive.sana.sy\/tr\/index.php?rest_route=%2Fwp%2Fv2%2Ftags&post=74663"}],"curies":[{"name":"wp","href":"https:\/\/api.w.org\/{rel}","templated":true}]}}