{"id":7476,"date":"2014-08-17T09:46:26","date_gmt":"2014-08-17T06:46:26","guid":{"rendered":"http:\/\/www.sana.sy\/tr\/?p=7476"},"modified":"2014-08-17T09:46:51","modified_gmt":"2014-08-17T06:46:51","slug":"teror-orgutleri-dusman-planlari-cercevesinde-calisiyor","status":"publish","type":"post","link":"https:\/\/archive.sana.sy\/tr\/?p=7476","title":{"rendered":"Ter\u00f6r \u00d6rg\u00fctleri D\u00fc\u015fman Planlar\u0131 \u00c7er\u00e7evesinde \u00c7al\u0131\u015f\u0131yor"},"content":{"rendered":"<p>TAHRAN \u2013 \u0130ran \u015eura Meclisi Ba\u015fkan\u0131 Ali Laricani, b\u00f6lge halklar\u0131na kar\u015f\u0131 en \u00e7irkef ve en vah\u015fi katliamlar\u0131 i\u015fleyen ter\u00f6rist \u00f6rg\u00fctlerin d\u00fc\u015fmanlar\u0131n b\u00f6lgedeki \u00e7\u0131karlar\u0131n\u0131 sa\u011flama planlar\u0131 \u00e7er\u00e7evesinde geldi\u011fini belirtti.<\/p>\n<p>Laricani, b\u00fct\u00fcn \u0130slam halklar\u0131n\u0131 bu \u00f6rg\u00fctler ve insani olmayan uygulamalar\u0131yla m\u00fccadele etmede birlik ve beraberlik i\u00e7inde olmaya \u00e7a\u011f\u0131rd\u0131.<\/p>\n<p>Laricani, \u0130slam aleminde a\u015f\u0131r\u0131 dinci fenomeniyle tekfiri ter\u00f6rist gruplar\u0131n bulunmas\u0131n\u0131n hedefinin \u0130slam \u00fcmmetini par\u00e7alamak i\u00e7in etnik ve dini anla\u015fmazl\u0131klar\u0131 k\u00f6r\u00fcklemek oldu\u011funa dikkat \u00e7ekti.<\/p>\n","protected":false},"excerpt":{"rendered":"<p>TAHRAN \u2013 \u0130ran \u015eura Meclisi Ba\u015fkan\u0131 Ali Laricani, b\u00f6lge halklar\u0131na kar\u015f\u0131 en \u00e7irkef ve en vah\u015fi katliamlar\u0131 i\u015fleyen ter\u00f6rist \u00f6rg\u00fctlerin d\u00fc\u015fmanlar\u0131n b\u00f6lgedeki \u00e7\u0131karlar\u0131n\u0131 sa\u011flama planlar\u0131 \u00e7er\u00e7evesinde geldi\u011fini belirtti. Laricani, b\u00fct\u00fcn \u0130slam halklar\u0131n\u0131 bu \u00f6rg\u00fctler ve insani olmayan uygulamalar\u0131yla m\u00fccadele etmede birlik ve beraberlik i\u00e7inde olmaya \u00e7a\u011f\u0131rd\u0131. Laricani, \u0130slam aleminde a\u015f\u0131r\u0131 dinci fenomeniyle tekfiri ter\u00f6rist gruplar\u0131n &hellip;<\/p>\n","protected":false},"author":1,"featured_media":7477,"comment_status":"closed","ping_status":"closed","sticky":false,"template":"","format":"standard","meta":{"footnotes":""},"categories":[458,459,447],"tags":[1665],"class_list":["post-7476","post","type-post","status-publish","format-standard","has-post-thumbnail","","category-dunya1","category-haberler-arap-uluslararasi-politika","category-politika","tag-teror-orgutleri-dusman-planlari-cercevesinde-calisiyor"],"_links":{"self":[{"href":"https:\/\/archive.sana.sy\/tr\/index.php?rest_route=\/wp\/v2\/posts\/7476","targetHints":{"allow":["GET"]}}],"collection":[{"href":"https:\/\/archive.sana.sy\/tr\/index.php?rest_route=\/wp\/v2\/posts"}],"about":[{"href":"https:\/\/archive.sana.sy\/tr\/index.php?rest_route=\/wp\/v2\/types\/post"}],"author":[{"embeddable":true,"href":"https:\/\/archive.sana.sy\/tr\/index.php?rest_route=\/wp\/v2\/users\/1"}],"replies":[{"embeddable":true,"href":"https:\/\/archive.sana.sy\/tr\/index.php?rest_route=%2Fwp%2Fv2%2Fcomments&post=7476"}],"version-history":[{"count":0,"href":"https:\/\/archive.sana.sy\/tr\/index.php?rest_route=\/wp\/v2\/posts\/7476\/revisions"}],"wp:featuredmedia":[{"embeddable":true,"href":"https:\/\/archive.sana.sy\/tr\/index.php?rest_route=\/wp\/v2\/media\/7477"}],"wp:attachment":[{"href":"https:\/\/archive.sana.sy\/tr\/index.php?rest_route=%2Fwp%2Fv2%2Fmedia&parent=7476"}],"wp:term":[{"taxonomy":"category","embeddable":true,"href":"https:\/\/archive.sana.sy\/tr\/index.php?rest_route=%2Fwp%2Fv2%2Fcategories&post=7476"},{"taxonomy":"post_tag","embeddable":true,"href":"https:\/\/archive.sana.sy\/tr\/index.php?rest_route=%2Fwp%2Fv2%2Ftags&post=7476"}],"curies":[{"name":"wp","href":"https:\/\/api.w.org\/{rel}","templated":true}]}}