{"id":74769,"date":"2016-05-31T16:23:58","date_gmt":"2016-05-31T13:23:58","guid":{"rendered":"http:\/\/sana.sy\/tr\/?p=74769"},"modified":"2016-06-01T13:33:53","modified_gmt":"2016-06-01T10:33:53","slug":"temel-pusula-vatandastir","status":"publish","type":"post","link":"https:\/\/archive.sana.sy\/tr\/?p=74769","title":{"rendered":"Temel Pusula Vatanda\u015ft\u0131r"},"content":{"rendered":"<p>\u015eAM \u2013 Bakanlar Konseyi bug\u00fcn ba\u015fkan\u0131 Vail el Halaki ba\u015fkanl\u0131\u011f\u0131nda d\u00fczenledi\u011fi haftal\u0131k oturumda lira de\u011ferinin iyile\u015ftirilmesi ve su tasarruf planlar\u0131n\u0131n hayata ge\u00e7irilmesi i\u00e7in al\u0131nan icraatlar\u0131 masaya yat\u0131rd\u0131.<\/p>\n<p>Oturumda konu\u015fan Ba\u015fbakan Halaki; h\u00fck\u00fcmetin t\u00fcm \u00e7al\u0131\u015fmalar\u0131nda temel pusulan\u0131n vatanda\u015flar ve ihtiya\u00e7lar\u0131 oldu\u011funun alt\u0131n\u0131 \u00e7izdi.<\/p>\n<p><a href=\"http:\/\/sana.sy\/tr\/wp-content\/uploads\/2016\/05\/halaki-2-1.jpg\"><img loading=\"lazy\" decoding=\"async\" class=\"alignright wp-image-74771 size-medium\" src=\"http:\/\/sana.sy\/tr\/wp-content\/uploads\/2016\/05\/halaki-2-1-300x203.jpg\" alt=\"halaki 2\" width=\"300\" height=\"203\" srcset=\"https:\/\/archive.sana.sy\/tr\/wp-content\/uploads\/2016\/05\/halaki-2-1-300x203.jpg 300w, https:\/\/archive.sana.sy\/tr\/wp-content\/uploads\/2016\/05\/halaki-2-1-150x102.jpg 150w, https:\/\/archive.sana.sy\/tr\/wp-content\/uploads\/2016\/05\/halaki-2-1-768x521.jpg 768w, https:\/\/archive.sana.sy\/tr\/wp-content\/uploads\/2016\/05\/halaki-2-1-1024x694.jpg 1024w, https:\/\/archive.sana.sy\/tr\/wp-content\/uploads\/2016\/05\/halaki-2-1-110x75.jpg 110w\" sizes=\"auto, (max-width: 300px) 100vw, 300px\" \/><\/a>Halaki lira de\u011ferinin iyile\u015ftirilmesi amac\u0131yla al\u0131nan icraatlar\u0131n b\u00fcy\u00fck etkisine dikkat \u00e7ekerken, dolar fiyat\u0131nda ciddi bir d\u00fc\u015f\u00fc\u015f\u00fcn oldu\u011funu, liraya talebin de artt\u0131\u011f\u0131n\u0131 s\u00f6yledi. Lira de\u011ferinin vatanda\u015flar\u0131n g\u00fcnl\u00fck ihtiya\u00e7lar\u0131n\u0131 kar\u015f\u0131lamada bile al\u0131\u015fveri\u015fte oynad\u0131\u011f\u0131 role dikkat \u00e7eken Halaki; dolay\u0131s\u0131yla h\u00fck\u00fcmetin lira de\u011ferini koruma icraatlar\u0131n\u0131 s\u00fcrd\u00fcrece\u011fini belirtti. Halaki bu ba\u011flamda ka\u00e7ak \u00fcr\u00fcn satan ve ticaretini yapanlara kar\u015f\u0131 da kanuni icraatlar al\u0131naca\u011f\u0131n\u0131 s\u00f6yledi.<\/p>\n<p>Sona eren ilk\u00f6\u011fretim s\u0131navlar\u0131 ve bu s\u00fcre i\u00e7inde yap\u0131lmakta olan lise s\u0131navlar\u0131n\u0131n istikrarl\u0131 seyri konusunda ise Halaki; bunun Suriye halk\u0131n\u0131n g\u00fc\u00e7l\u00fc m\u00fccadelesi ve devlet kurumlar\u0131n\u0131n e\u011fitime verdi\u011fi \u00f6nemi yans\u0131tt\u0131\u011f\u0131n\u0131 s\u00f6yledi.<\/p>\n<p>Ba\u015fbakan Halaki S\u00fcveyda \u0130line bulundu\u011fu saha gezisi ve bu gezisinde Cumhurba\u015fkan\u0131 Be\u015f\u015far el Esad\u2019\u0131n y\u00f6nlendirmeleri do\u011frultusunda 4 milyar lira maliyetinde bir k\u0131s\u0131m hizmet kurumlar\u0131n\u0131 hizmete a\u00e7mas\u0131 ve bir k\u0131sm\u0131n\u0131n temel ta\u015f\u0131n\u0131 atmas\u0131na ilaveten S\u00fcveyda \u0130line 1.5 milyar lira ek b\u00fct\u00e7e tahsis edilmesine \u0131\u015f\u0131k tuttu.<br \/>\n\u015eam, Lazkiye, Homs, Tartus ve S\u00fcveyda k\u0131rsallar\u0131nda \u00e7ok say\u0131da yat\u0131r\u0131m projesinin hayata ge\u00e7irilmekte oldu\u011funa i\u015faret eden Halaki; bunun t\u00fcm ko\u015fullara ra\u011fmen devletin g\u00fcc\u00fcn\u00fc ve Suriye halk\u0131n\u0131n ter\u00f6re kar\u015f\u0131 azimli iradesini yans\u0131tt\u0131\u011f\u0131n\u0131 belirtti.<\/p>\n<p>Bakanlar Konseyi oturumunda mevcut g\u00fcndemi tart\u0131\u015fmas\u0131 ard\u0131ndan bir k\u0131sm\u0131n\u0131 karara ba\u011flad\u0131.<\/p>\n","protected":false},"excerpt":{"rendered":"<p>\u015eAM \u2013 Bakanlar Konseyi bug\u00fcn ba\u015fkan\u0131 Vail el Halaki ba\u015fkanl\u0131\u011f\u0131nda d\u00fczenledi\u011fi haftal\u0131k oturumda lira de\u011ferinin iyile\u015ftirilmesi ve su tasarruf planlar\u0131n\u0131n hayata ge\u00e7irilmesi i\u00e7in al\u0131nan icraatlar\u0131 masaya yat\u0131rd\u0131. Oturumda konu\u015fan Ba\u015fbakan Halaki; h\u00fck\u00fcmetin t\u00fcm \u00e7al\u0131\u015fmalar\u0131nda temel pusulan\u0131n vatanda\u015flar ve ihtiya\u00e7lar\u0131 oldu\u011funun alt\u0131n\u0131 \u00e7izdi. Halaki lira de\u011ferinin iyile\u015ftirilmesi amac\u0131yla al\u0131nan icraatlar\u0131n b\u00fcy\u00fck etkisine dikkat \u00e7ekerken, dolar fiyat\u0131nda &hellip;<\/p>\n","protected":false},"author":1,"featured_media":74770,"comment_status":"closed","ping_status":"closed","sticky":false,"template":"","format":"standard","meta":{"footnotes":""},"categories":[479,17988,478],"tags":[],"class_list":["post-74769","post","type-post","status-publish","format-standard","has-post-thumbnail","","category-haberler-yerel","category-son-haberler","category-yerel"],"_links":{"self":[{"href":"https:\/\/archive.sana.sy\/tr\/index.php?rest_route=\/wp\/v2\/posts\/74769","targetHints":{"allow":["GET"]}}],"collection":[{"href":"https:\/\/archive.sana.sy\/tr\/index.php?rest_route=\/wp\/v2\/posts"}],"about":[{"href":"https:\/\/archive.sana.sy\/tr\/index.php?rest_route=\/wp\/v2\/types\/post"}],"author":[{"embeddable":true,"href":"https:\/\/archive.sana.sy\/tr\/index.php?rest_route=\/wp\/v2\/users\/1"}],"replies":[{"embeddable":true,"href":"https:\/\/archive.sana.sy\/tr\/index.php?rest_route=%2Fwp%2Fv2%2Fcomments&post=74769"}],"version-history":[{"count":0,"href":"https:\/\/archive.sana.sy\/tr\/index.php?rest_route=\/wp\/v2\/posts\/74769\/revisions"}],"wp:featuredmedia":[{"embeddable":true,"href":"https:\/\/archive.sana.sy\/tr\/index.php?rest_route=\/wp\/v2\/media\/74770"}],"wp:attachment":[{"href":"https:\/\/archive.sana.sy\/tr\/index.php?rest_route=%2Fwp%2Fv2%2Fmedia&parent=74769"}],"wp:term":[{"taxonomy":"category","embeddable":true,"href":"https:\/\/archive.sana.sy\/tr\/index.php?rest_route=%2Fwp%2Fv2%2Fcategories&post=74769"},{"taxonomy":"post_tag","embeddable":true,"href":"https:\/\/archive.sana.sy\/tr\/index.php?rest_route=%2Fwp%2Fv2%2Ftags&post=74769"}],"curies":[{"name":"wp","href":"https:\/\/api.w.org\/{rel}","templated":true}]}}